{"id":50909,"date":"2026-09-01T17:08:58","date_gmt":"2026-09-01T20:08:58","guid":{"rendered":"http:\/\/fmdelpueblo.ar\/?p=50909"},"modified":"2026-09-01T17:08:58","modified_gmt":"2026-09-01T20:08:58","slug":"haakon-viii-juro-como-rey-de-noruega-sin-la-presencia-de-la-reina-hospitalizada-por-complicaciones-con-su-trasplante-de-pulmon","status":"publish","type":"post","link":"https:\/\/fmdelpueblo.ar\/?p=50909","title":{"rendered":"Haakon VIII jur\u00f3 como rey de Noruega sin la presencia de la reina, hospitalizada por complicaciones con su trasplante de pulm\u00f3n"},"content":{"rendered":"<p>Mette-Marit no estuvo presente ante el juramento que prest\u00f3 su esposo ante el Parlamento y, en cambio, ingres\u00f3 al centro de salud. \u00abLa reina deber\u00e1 permanecer en observaci\u00f3n durante todo el d\u00eda\u00bb, dijeron desde el Palacio. <\/p>","protected":false},"excerpt":{"rendered":"<p>Mette-Marit no estuvo presente ante el juramento que prest\u00f3 su esposo ante el Parlamento y, en cambio, ingres\u00f3 al centro de salud. \u00abLa reina deber\u00e1 permanecer en observaci\u00f3n durante todo el d\u00eda\u00bb, dijeron desde el Palacio.<\/p>\n","protected":false},"author":0,"featured_media":0,"comment_status":"","ping_status":"","sticky":false,"template":"","format":"standard","meta":{"footnotes":""},"categories":[1],"tags":[],"class_list":["post-50909","post","type-post","status-publish","format-standard","has-post-thumbnail","hentry","category-sin-categoria"],"_links":{"self":[{"href":"https:\/\/fmdelpueblo.ar\/index.php?rest_route=\/wp\/v2\/posts\/50909","targetHints":{"allow":["GET"]}}],"collection":[{"href":"https:\/\/fmdelpueblo.ar\/index.php?rest_route=\/wp\/v2\/posts"}],"about":[{"href":"https:\/\/fmdelpueblo.ar\/index.php?rest_route=\/wp\/v2\/types\/post"}],"replies":[{"embeddable":true,"href":"https:\/\/fmdelpueblo.ar\/index.php?rest_route=%2Fwp%2Fv2%2Fcomments&post=50909"}],"version-history":[{"count":0,"href":"https:\/\/fmdelpueblo.ar\/index.php?rest_route=\/wp\/v2\/posts\/50909\/revisions"}],"wp:attachment":[{"href":"https:\/\/fmdelpueblo.ar\/index.php?rest_route=%2Fwp%2Fv2%2Fmedia&parent=50909"}],"wp:term":[{"taxonomy":"category","embeddable":true,"href":"https:\/\/fmdelpueblo.ar\/index.php?rest_route=%2Fwp%2Fv2%2Fcategories&post=50909"},{"taxonomy":"post_tag","embeddable":true,"href":"https:\/\/fmdelpueblo.ar\/index.php?rest_route=%2Fwp%2Fv2%2Ftags&post=50909"}],"curies":[{"name":"wp","href":"https:\/\/api.w.org\/{rel}","templated":true}]}}