{"id":50893,"date":"2026-09-01T15:08:56","date_gmt":"2026-09-01T18:08:56","guid":{"rendered":"http:\/\/fmdelpueblo.ar\/?p=50893"},"modified":"2026-09-01T15:08:56","modified_gmt":"2026-09-01T18:08:56","slug":"boca-viaja-a-cordoba-sin-su-rueda-de-auxilio-milton-delgado-se-cayo-de-la-lista-de-concentrados","status":"publish","type":"post","link":"https:\/\/fmdelpueblo.ar\/?p=50893","title":{"rendered":"Boca viaja a C\u00f3rdoba sin su \u00abrueda de auxilio\u00bb: Milton Delgado se cay\u00f3 de la lista de concentrados"},"content":{"rendered":"<p>El volante central no entr\u00f3 en la convocatoria del Vasco Arruabarrena para el choque con V\u00e9lez por Copa Argentina.En su lugar jugar\u00eda Tom\u00e1s Belmonte, en goleador ante Lan\u00fas.Delgado deber\u00e1 realizarse estudios m\u00e9dicos para comprobar la gravedad de su lesi\u00f3n.<\/p>","protected":false},"excerpt":{"rendered":"<p>El volante central no entr\u00f3 en la convocatoria del Vasco Arruabarrena para el choque con V\u00e9lez por Copa Argentina.En su lugar jugar\u00eda Tom\u00e1s Belmonte, en goleador ante Lan\u00fas.Delgado deber\u00e1 realizarse estudios m\u00e9dicos para comprobar la gravedad de su lesi\u00f3n.<\/p>\n","protected":false},"author":0,"featured_media":0,"comment_status":"","ping_status":"","sticky":false,"template":"","format":"standard","meta":{"footnotes":""},"categories":[1],"tags":[],"class_list":["post-50893","post","type-post","status-publish","format-standard","has-post-thumbnail","hentry","category-sin-categoria"],"_links":{"self":[{"href":"https:\/\/fmdelpueblo.ar\/index.php?rest_route=\/wp\/v2\/posts\/50893","targetHints":{"allow":["GET"]}}],"collection":[{"href":"https:\/\/fmdelpueblo.ar\/index.php?rest_route=\/wp\/v2\/posts"}],"about":[{"href":"https:\/\/fmdelpueblo.ar\/index.php?rest_route=\/wp\/v2\/types\/post"}],"replies":[{"embeddable":true,"href":"https:\/\/fmdelpueblo.ar\/index.php?rest_route=%2Fwp%2Fv2%2Fcomments&post=50893"}],"version-history":[{"count":0,"href":"https:\/\/fmdelpueblo.ar\/index.php?rest_route=\/wp\/v2\/posts\/50893\/revisions"}],"wp:attachment":[{"href":"https:\/\/fmdelpueblo.ar\/index.php?rest_route=%2Fwp%2Fv2%2Fmedia&parent=50893"}],"wp:term":[{"taxonomy":"category","embeddable":true,"href":"https:\/\/fmdelpueblo.ar\/index.php?rest_route=%2Fwp%2Fv2%2Fcategories&post=50893"},{"taxonomy":"post_tag","embeddable":true,"href":"https:\/\/fmdelpueblo.ar\/index.php?rest_route=%2Fwp%2Fv2%2Ftags&post=50893"}],"curies":[{"name":"wp","href":"https:\/\/api.w.org\/{rel}","templated":true}]}}