{"id":50888,"date":"2026-09-01T15:08:53","date_gmt":"2026-09-01T18:08:53","guid":{"rendered":"http:\/\/fmdelpueblo.ar\/?p=50888"},"modified":"2026-09-01T15:08:53","modified_gmt":"2026-09-01T18:08:53","slug":"es-oficial-el-gobierno-confirmo-que-desplegara-a-la-patrulla-fronteriza-en-el-gran-canon-para-ayudar-a-localizar-a-una-persona-desaparecida-tras-las-inundaciones-en-arizona","status":"publish","type":"post","link":"https:\/\/fmdelpueblo.ar\/?p=50888","title":{"rendered":"Es oficial | El gobierno confirm\u00f3 que desplegar\u00e1 a la Patrulla Fronteriza en el Gran Ca\u00f1\u00f3n para ayudar a localizar a una persona desaparecida tras las inundaciones en Arizona"},"content":{"rendered":"<p>Cerca de 80 personas fueron rescatadas tras la crecida del s\u00e1bado, que golpe\u00f3 una de las zonas m\u00e1s profundas del parque nacional.<\/p>","protected":false},"excerpt":{"rendered":"<p>Cerca de 80 personas fueron rescatadas tras la crecida del s\u00e1bado, que golpe\u00f3 una de las zonas m\u00e1s profundas del parque nacional.<\/p>\n","protected":false},"author":0,"featured_media":0,"comment_status":"","ping_status":"","sticky":false,"template":"","format":"standard","meta":{"footnotes":""},"categories":[1],"tags":[],"class_list":["post-50888","post","type-post","status-publish","format-standard","has-post-thumbnail","hentry","category-sin-categoria"],"_links":{"self":[{"href":"https:\/\/fmdelpueblo.ar\/index.php?rest_route=\/wp\/v2\/posts\/50888","targetHints":{"allow":["GET"]}}],"collection":[{"href":"https:\/\/fmdelpueblo.ar\/index.php?rest_route=\/wp\/v2\/posts"}],"about":[{"href":"https:\/\/fmdelpueblo.ar\/index.php?rest_route=\/wp\/v2\/types\/post"}],"replies":[{"embeddable":true,"href":"https:\/\/fmdelpueblo.ar\/index.php?rest_route=%2Fwp%2Fv2%2Fcomments&post=50888"}],"version-history":[{"count":0,"href":"https:\/\/fmdelpueblo.ar\/index.php?rest_route=\/wp\/v2\/posts\/50888\/revisions"}],"wp:attachment":[{"href":"https:\/\/fmdelpueblo.ar\/index.php?rest_route=%2Fwp%2Fv2%2Fmedia&parent=50888"}],"wp:term":[{"taxonomy":"category","embeddable":true,"href":"https:\/\/fmdelpueblo.ar\/index.php?rest_route=%2Fwp%2Fv2%2Fcategories&post=50888"},{"taxonomy":"post_tag","embeddable":true,"href":"https:\/\/fmdelpueblo.ar\/index.php?rest_route=%2Fwp%2Fv2%2Ftags&post=50888"}],"curies":[{"name":"wp","href":"https:\/\/api.w.org\/{rel}","templated":true}]}}