{"id":50877,"date":"2026-09-01T13:09:10","date_gmt":"2026-09-01T16:09:10","guid":{"rendered":"https:\/\/fmdelpueblo.ar\/?p=50877"},"modified":"2026-09-01T13:09:10","modified_gmt":"2026-09-01T16:09:10","slug":"ya-sin-chances-por-julian-alvarez-el-barcelona-presento-al-delantero-brasileno-que-llega-para-reemplazar-a-lewandowski","status":"publish","type":"post","link":"https:\/\/fmdelpueblo.ar\/?p=50877","title":{"rendered":"Ya sin chances por Juli\u00e1n \u00c1lvarez, el Barcelona present\u00f3 al delantero brasile\u00f1o que llega para reemplazar a Lewandowski"},"content":{"rendered":"<p>Gabriel Jes\u00fas lleg\u00f3 al club catal\u00e1n y pos\u00f3 con la camiseta.\u00bbNo me molesta que digan que soy otro plan\u00bb, dijo y se distanci\u00f3 del Ara\u00f1a.Llega procedente del Arsenal, donde estaba colgado, por tres a\u00f1os.<\/p>","protected":false},"excerpt":{"rendered":"<p>Gabriel Jes\u00fas lleg\u00f3 al club catal\u00e1n y pos\u00f3 con la camiseta.\u00bbNo me molesta que digan que soy otro plan\u00bb, dijo y se distanci\u00f3 del Ara\u00f1a.Llega procedente del Arsenal, donde estaba colgado, por tres a\u00f1os.<\/p>\n","protected":false},"author":0,"featured_media":0,"comment_status":"","ping_status":"","sticky":false,"template":"","format":"standard","meta":{"footnotes":""},"categories":[1],"tags":[],"class_list":["post-50877","post","type-post","status-publish","format-standard","has-post-thumbnail","hentry","category-sin-categoria"],"_links":{"self":[{"href":"https:\/\/fmdelpueblo.ar\/index.php?rest_route=\/wp\/v2\/posts\/50877","targetHints":{"allow":["GET"]}}],"collection":[{"href":"https:\/\/fmdelpueblo.ar\/index.php?rest_route=\/wp\/v2\/posts"}],"about":[{"href":"https:\/\/fmdelpueblo.ar\/index.php?rest_route=\/wp\/v2\/types\/post"}],"replies":[{"embeddable":true,"href":"https:\/\/fmdelpueblo.ar\/index.php?rest_route=%2Fwp%2Fv2%2Fcomments&post=50877"}],"version-history":[{"count":0,"href":"https:\/\/fmdelpueblo.ar\/index.php?rest_route=\/wp\/v2\/posts\/50877\/revisions"}],"wp:attachment":[{"href":"https:\/\/fmdelpueblo.ar\/index.php?rest_route=%2Fwp%2Fv2%2Fmedia&parent=50877"}],"wp:term":[{"taxonomy":"category","embeddable":true,"href":"https:\/\/fmdelpueblo.ar\/index.php?rest_route=%2Fwp%2Fv2%2Fcategories&post=50877"},{"taxonomy":"post_tag","embeddable":true,"href":"https:\/\/fmdelpueblo.ar\/index.php?rest_route=%2Fwp%2Fv2%2Ftags&post=50877"}],"curies":[{"name":"wp","href":"https:\/\/api.w.org\/{rel}","templated":true}]}}