{"id":50876,"date":"2026-09-01T13:09:09","date_gmt":"2026-09-01T16:09:09","guid":{"rendered":"https:\/\/fmdelpueblo.ar\/?p=50876"},"modified":"2026-09-01T13:09:09","modified_gmt":"2026-09-01T16:09:09","slug":"a-diez-anos-del-nacimiento-televisivo-de-javier-milei-el-economista-del-peinado-raro-que-levantaba-la-aguja-del-rating","status":"publish","type":"post","link":"https:\/\/fmdelpueblo.ar\/?p=50876","title":{"rendered":"A diez a\u00f1os del nacimiento televisivo de Javier Milei, el economista del peinado raro que levantaba la aguja del rating"},"content":{"rendered":"<p>En julio de 2016 apareci\u00f3 en Animales Sueltos como un economista desconocido. En agosto desembarc\u00f3 en \u00abIntratables\u00bb y se convirti\u00f3 en invitado sistem\u00e1tico. Y muy pronto lleg\u00f3 a tener silla propia en la mesa de \u00abPol\u00e9mica en el Bar\u00bb.El resto es conocido.<\/p>","protected":false},"excerpt":{"rendered":"<p>En julio de 2016 apareci\u00f3 en Animales Sueltos como un economista desconocido. En agosto desembarc\u00f3 en \u00abIntratables\u00bb y se convirti\u00f3 en invitado sistem\u00e1tico. Y muy pronto lleg\u00f3 a tener silla propia en la mesa de \u00abPol\u00e9mica en el Bar\u00bb.El resto es conocido.<\/p>\n","protected":false},"author":0,"featured_media":0,"comment_status":"","ping_status":"","sticky":false,"template":"","format":"standard","meta":{"footnotes":""},"categories":[1],"tags":[],"class_list":["post-50876","post","type-post","status-publish","format-standard","has-post-thumbnail","hentry","category-sin-categoria"],"_links":{"self":[{"href":"https:\/\/fmdelpueblo.ar\/index.php?rest_route=\/wp\/v2\/posts\/50876","targetHints":{"allow":["GET"]}}],"collection":[{"href":"https:\/\/fmdelpueblo.ar\/index.php?rest_route=\/wp\/v2\/posts"}],"about":[{"href":"https:\/\/fmdelpueblo.ar\/index.php?rest_route=\/wp\/v2\/types\/post"}],"replies":[{"embeddable":true,"href":"https:\/\/fmdelpueblo.ar\/index.php?rest_route=%2Fwp%2Fv2%2Fcomments&post=50876"}],"version-history":[{"count":0,"href":"https:\/\/fmdelpueblo.ar\/index.php?rest_route=\/wp\/v2\/posts\/50876\/revisions"}],"wp:attachment":[{"href":"https:\/\/fmdelpueblo.ar\/index.php?rest_route=%2Fwp%2Fv2%2Fmedia&parent=50876"}],"wp:term":[{"taxonomy":"category","embeddable":true,"href":"https:\/\/fmdelpueblo.ar\/index.php?rest_route=%2Fwp%2Fv2%2Fcategories&post=50876"},{"taxonomy":"post_tag","embeddable":true,"href":"https:\/\/fmdelpueblo.ar\/index.php?rest_route=%2Fwp%2Fv2%2Ftags&post=50876"}],"curies":[{"name":"wp","href":"https:\/\/api.w.org\/{rel}","templated":true}]}}