{"id":50875,"date":"2026-09-01T13:09:09","date_gmt":"2026-09-01T16:09:09","guid":{"rendered":"https:\/\/fmdelpueblo.ar\/?p=50875"},"modified":"2026-09-01T13:09:09","modified_gmt":"2026-09-01T16:09:09","slug":"acompanamiento-social-quienes-cobran-78-000-en-septiembre-y-como-se-paga-por-anses","status":"publish","type":"post","link":"https:\/\/fmdelpueblo.ar\/?p=50875","title":{"rendered":"Acompa\u00f1amiento Social: qui\u00e9nes cobran $78.000 en septiembre y c\u00f3mo se paga por ANSES"},"content":{"rendered":"<p>El programa mantiene un pago mensual para quienes contin\u00faan dentro del padr\u00f3n.C\u00f3mo se cobra y cu\u00e1ndo se acreditar\u00e1.<\/p>","protected":false},"excerpt":{"rendered":"<p>El programa mantiene un pago mensual para quienes contin\u00faan dentro del padr\u00f3n.C\u00f3mo se cobra y cu\u00e1ndo se acreditar\u00e1.<\/p>\n","protected":false},"author":0,"featured_media":0,"comment_status":"","ping_status":"","sticky":false,"template":"","format":"standard","meta":{"footnotes":""},"categories":[1],"tags":[],"class_list":["post-50875","post","type-post","status-publish","format-standard","has-post-thumbnail","hentry","category-sin-categoria"],"_links":{"self":[{"href":"https:\/\/fmdelpueblo.ar\/index.php?rest_route=\/wp\/v2\/posts\/50875","targetHints":{"allow":["GET"]}}],"collection":[{"href":"https:\/\/fmdelpueblo.ar\/index.php?rest_route=\/wp\/v2\/posts"}],"about":[{"href":"https:\/\/fmdelpueblo.ar\/index.php?rest_route=\/wp\/v2\/types\/post"}],"replies":[{"embeddable":true,"href":"https:\/\/fmdelpueblo.ar\/index.php?rest_route=%2Fwp%2Fv2%2Fcomments&post=50875"}],"version-history":[{"count":0,"href":"https:\/\/fmdelpueblo.ar\/index.php?rest_route=\/wp\/v2\/posts\/50875\/revisions"}],"wp:attachment":[{"href":"https:\/\/fmdelpueblo.ar\/index.php?rest_route=%2Fwp%2Fv2%2Fmedia&parent=50875"}],"wp:term":[{"taxonomy":"category","embeddable":true,"href":"https:\/\/fmdelpueblo.ar\/index.php?rest_route=%2Fwp%2Fv2%2Fcategories&post=50875"},{"taxonomy":"post_tag","embeddable":true,"href":"https:\/\/fmdelpueblo.ar\/index.php?rest_route=%2Fwp%2Fv2%2Ftags&post=50875"}],"curies":[{"name":"wp","href":"https:\/\/api.w.org\/{rel}","templated":true}]}}