{"id":50872,"date":"2026-09-01T13:09:07","date_gmt":"2026-09-01T16:09:07","guid":{"rendered":"https:\/\/fmdelpueblo.ar\/?p=50872"},"modified":"2026-09-01T13:09:07","modified_gmt":"2026-09-01T16:09:07","slug":"netflix-emitira-documental-sobre-el-avion-senuelo-de-trump-para-burlar-una-amenaza-irani","status":"publish","type":"post","link":"https:\/\/fmdelpueblo.ar\/?p=50872","title":{"rendered":"Netflix emitir\u00e1 documental sobre el avi\u00f3n se\u00f1uelo de Trump para burlar una amenaza iran\u00ed"},"content":{"rendered":"<p>Netflix lanzar\u00e1 un documental sobre la t\u00e1ctica secreta de Trump para cambiar de avi\u00f3n y evitar una amenaza iran\u00ed en su viaje a Turqu\u00eda. El filme, que incluye testimonios de periodistas y exagentes, se estrena el 4 de septiembre en la serie Instadocs.<\/p>","protected":false},"excerpt":{"rendered":"<p>Netflix lanzar\u00e1 un documental sobre la t\u00e1ctica secreta de Trump para cambiar de avi\u00f3n y evitar una amenaza iran\u00ed en su viaje a Turqu\u00eda. El filme, que incluye testimonios de periodistas y exagentes, se estrena el 4 de septiembre en la serie Instadocs.<\/p>\n","protected":false},"author":0,"featured_media":0,"comment_status":"","ping_status":"","sticky":false,"template":"","format":"standard","meta":{"footnotes":""},"categories":[1],"tags":[],"class_list":["post-50872","post","type-post","status-publish","format-standard","has-post-thumbnail","hentry","category-sin-categoria"],"_links":{"self":[{"href":"https:\/\/fmdelpueblo.ar\/index.php?rest_route=\/wp\/v2\/posts\/50872","targetHints":{"allow":["GET"]}}],"collection":[{"href":"https:\/\/fmdelpueblo.ar\/index.php?rest_route=\/wp\/v2\/posts"}],"about":[{"href":"https:\/\/fmdelpueblo.ar\/index.php?rest_route=\/wp\/v2\/types\/post"}],"replies":[{"embeddable":true,"href":"https:\/\/fmdelpueblo.ar\/index.php?rest_route=%2Fwp%2Fv2%2Fcomments&post=50872"}],"version-history":[{"count":0,"href":"https:\/\/fmdelpueblo.ar\/index.php?rest_route=\/wp\/v2\/posts\/50872\/revisions"}],"wp:attachment":[{"href":"https:\/\/fmdelpueblo.ar\/index.php?rest_route=%2Fwp%2Fv2%2Fmedia&parent=50872"}],"wp:term":[{"taxonomy":"category","embeddable":true,"href":"https:\/\/fmdelpueblo.ar\/index.php?rest_route=%2Fwp%2Fv2%2Fcategories&post=50872"},{"taxonomy":"post_tag","embeddable":true,"href":"https:\/\/fmdelpueblo.ar\/index.php?rest_route=%2Fwp%2Fv2%2Ftags&post=50872"}],"curies":[{"name":"wp","href":"https:\/\/api.w.org\/{rel}","templated":true}]}}