{"id":50870,"date":"2026-09-01T13:09:06","date_gmt":"2026-09-01T16:09:06","guid":{"rendered":"https:\/\/fmdelpueblo.ar\/?p=50870"},"modified":"2026-09-01T13:09:06","modified_gmt":"2026-09-01T16:09:06","slug":"us-open-dia-3-la-lluvia-freno-a-los-argentinos-y-por-ahora-solo-juega-comesana-mientras-debutan-zverev-rybakina-y-gauff","status":"publish","type":"post","link":"https:\/\/fmdelpueblo.ar\/?p=50870","title":{"rendered":"US Open, d\u00eda 3: la lluvia fren\u00f3 a los argentinos y por ahora s\u00f3lo juega Comesa\u00f1a, mientras debutan Zverev, Rybakina y Gauff"},"content":{"rendered":"<p>La lluvia oblig\u00f3 a postergar casi toda la jornada en Nueva York.Francisco Comesa\u00f1a es el \u00fanico argentino que est\u00e1 en cancha y enfrenta a Flavio Cobolli.Tambi\u00e9n debutan Zverev, Rybakina y Gauff, con la mira puesta en el t\u00edtulo y el n\u00famero 1<\/p>","protected":false},"excerpt":{"rendered":"<p>La lluvia oblig\u00f3 a postergar casi toda la jornada en Nueva York.Francisco Comesa\u00f1a es el \u00fanico argentino que est\u00e1 en cancha y enfrenta a Flavio Cobolli.Tambi\u00e9n debutan Zverev, Rybakina y Gauff, con la mira puesta en el t\u00edtulo y el n\u00famero 1<\/p>\n","protected":false},"author":0,"featured_media":0,"comment_status":"","ping_status":"","sticky":false,"template":"","format":"standard","meta":{"footnotes":""},"categories":[1],"tags":[],"class_list":["post-50870","post","type-post","status-publish","format-standard","has-post-thumbnail","hentry","category-sin-categoria"],"_links":{"self":[{"href":"https:\/\/fmdelpueblo.ar\/index.php?rest_route=\/wp\/v2\/posts\/50870","targetHints":{"allow":["GET"]}}],"collection":[{"href":"https:\/\/fmdelpueblo.ar\/index.php?rest_route=\/wp\/v2\/posts"}],"about":[{"href":"https:\/\/fmdelpueblo.ar\/index.php?rest_route=\/wp\/v2\/types\/post"}],"replies":[{"embeddable":true,"href":"https:\/\/fmdelpueblo.ar\/index.php?rest_route=%2Fwp%2Fv2%2Fcomments&post=50870"}],"version-history":[{"count":0,"href":"https:\/\/fmdelpueblo.ar\/index.php?rest_route=\/wp\/v2\/posts\/50870\/revisions"}],"wp:attachment":[{"href":"https:\/\/fmdelpueblo.ar\/index.php?rest_route=%2Fwp%2Fv2%2Fmedia&parent=50870"}],"wp:term":[{"taxonomy":"category","embeddable":true,"href":"https:\/\/fmdelpueblo.ar\/index.php?rest_route=%2Fwp%2Fv2%2Fcategories&post=50870"},{"taxonomy":"post_tag","embeddable":true,"href":"https:\/\/fmdelpueblo.ar\/index.php?rest_route=%2Fwp%2Fv2%2Ftags&post=50870"}],"curies":[{"name":"wp","href":"https:\/\/api.w.org\/{rel}","templated":true}]}}