{"id":50869,"date":"2026-09-01T12:09:04","date_gmt":"2026-09-01T15:09:04","guid":{"rendered":"http:\/\/fmdelpueblo.ar\/?p=50869"},"modified":"2026-09-01T12:09:04","modified_gmt":"2026-09-01T15:09:04","slug":"visita-del-papa-leon-xiv-a-argentina-el-arzobispo-de-buenos-aires-revelo-los-lugares-en-los-que-estara-el-sumo-pontifice","status":"publish","type":"post","link":"https:\/\/fmdelpueblo.ar\/?p=50869","title":{"rendered":"Visita del Papa Le\u00f3n XIV a Argentina: el arzobispo de Buenos Aires revel\u00f3 los lugares en los que estar\u00e1 el Sumo Pont\u00edfice"},"content":{"rendered":"<p>Jorge Garc\u00eda Cuerva evit\u00f3 dar por cerrada la agenda, al indicar que las actividades est\u00e1n sujetas \u00aba una \u00faltima modificaci\u00f3n que decidan en la Santa Sede\u00bb.Descart\u00f3 que se realicen eventos en estadios, ya que prefieren espacios abiertos sin l\u00edmite de aforo, \u00abpara que nadie quede afuera\u00bb.<\/p>","protected":false},"excerpt":{"rendered":"<p>Jorge Garc\u00eda Cuerva evit\u00f3 dar por cerrada la agenda, al indicar que las actividades est\u00e1n sujetas \u00aba una \u00faltima modificaci\u00f3n que decidan en la Santa Sede\u00bb.Descart\u00f3 que se realicen eventos en estadios, ya que prefieren espacios abiertos sin l\u00edmite de aforo, \u00abpara que nadie quede afuera\u00bb.<\/p>\n","protected":false},"author":0,"featured_media":0,"comment_status":"","ping_status":"","sticky":false,"template":"","format":"standard","meta":{"footnotes":""},"categories":[1],"tags":[],"class_list":["post-50869","post","type-post","status-publish","format-standard","has-post-thumbnail","hentry","category-sin-categoria"],"_links":{"self":[{"href":"https:\/\/fmdelpueblo.ar\/index.php?rest_route=\/wp\/v2\/posts\/50869","targetHints":{"allow":["GET"]}}],"collection":[{"href":"https:\/\/fmdelpueblo.ar\/index.php?rest_route=\/wp\/v2\/posts"}],"about":[{"href":"https:\/\/fmdelpueblo.ar\/index.php?rest_route=\/wp\/v2\/types\/post"}],"replies":[{"embeddable":true,"href":"https:\/\/fmdelpueblo.ar\/index.php?rest_route=%2Fwp%2Fv2%2Fcomments&post=50869"}],"version-history":[{"count":0,"href":"https:\/\/fmdelpueblo.ar\/index.php?rest_route=\/wp\/v2\/posts\/50869\/revisions"}],"wp:attachment":[{"href":"https:\/\/fmdelpueblo.ar\/index.php?rest_route=%2Fwp%2Fv2%2Fmedia&parent=50869"}],"wp:term":[{"taxonomy":"category","embeddable":true,"href":"https:\/\/fmdelpueblo.ar\/index.php?rest_route=%2Fwp%2Fv2%2Fcategories&post=50869"},{"taxonomy":"post_tag","embeddable":true,"href":"https:\/\/fmdelpueblo.ar\/index.php?rest_route=%2Fwp%2Fv2%2Ftags&post=50869"}],"curies":[{"name":"wp","href":"https:\/\/api.w.org\/{rel}","templated":true}]}}