{"id":50865,"date":"2026-09-01T12:09:01","date_gmt":"2026-09-01T15:09:01","guid":{"rendered":"http:\/\/fmdelpueblo.ar\/?p=50865"},"modified":"2026-09-01T12:09:01","modified_gmt":"2026-09-01T15:09:01","slug":"alejandro-stoessel-hablo-por-primera-vez-en-medio-del-escandalo-con-tini-solo-recibo-difamaciones-y-agresiones","status":"publish","type":"post","link":"https:\/\/fmdelpueblo.ar\/?p=50865","title":{"rendered":"Alejandro Stoessel habl\u00f3 por primera vez en medio del esc\u00e1ndalo con Tini: \u00abSolo recibo difamaciones y agresiones\u00bb"},"content":{"rendered":"<p>El productor rompi\u00f3 el silencio y enfrent\u00f3 a las acusaciones.Asegur\u00f3 que pronto hablar\u00e1 en profundidad.<\/p>","protected":false},"excerpt":{"rendered":"<p>El productor rompi\u00f3 el silencio y enfrent\u00f3 a las acusaciones.Asegur\u00f3 que pronto hablar\u00e1 en profundidad.<\/p>\n","protected":false},"author":0,"featured_media":0,"comment_status":"","ping_status":"","sticky":false,"template":"","format":"standard","meta":{"footnotes":""},"categories":[1],"tags":[],"class_list":["post-50865","post","type-post","status-publish","format-standard","has-post-thumbnail","hentry","category-sin-categoria"],"_links":{"self":[{"href":"https:\/\/fmdelpueblo.ar\/index.php?rest_route=\/wp\/v2\/posts\/50865","targetHints":{"allow":["GET"]}}],"collection":[{"href":"https:\/\/fmdelpueblo.ar\/index.php?rest_route=\/wp\/v2\/posts"}],"about":[{"href":"https:\/\/fmdelpueblo.ar\/index.php?rest_route=\/wp\/v2\/types\/post"}],"replies":[{"embeddable":true,"href":"https:\/\/fmdelpueblo.ar\/index.php?rest_route=%2Fwp%2Fv2%2Fcomments&post=50865"}],"version-history":[{"count":0,"href":"https:\/\/fmdelpueblo.ar\/index.php?rest_route=\/wp\/v2\/posts\/50865\/revisions"}],"wp:attachment":[{"href":"https:\/\/fmdelpueblo.ar\/index.php?rest_route=%2Fwp%2Fv2%2Fmedia&parent=50865"}],"wp:term":[{"taxonomy":"category","embeddable":true,"href":"https:\/\/fmdelpueblo.ar\/index.php?rest_route=%2Fwp%2Fv2%2Fcategories&post=50865"},{"taxonomy":"post_tag","embeddable":true,"href":"https:\/\/fmdelpueblo.ar\/index.php?rest_route=%2Fwp%2Fv2%2Ftags&post=50865"}],"curies":[{"name":"wp","href":"https:\/\/api.w.org\/{rel}","templated":true}]}}