{"id":50864,"date":"2026-09-01T12:09:01","date_gmt":"2026-09-01T15:09:01","guid":{"rendered":"http:\/\/fmdelpueblo.ar\/?p=50864"},"modified":"2026-09-01T12:09:01","modified_gmt":"2026-09-01T15:09:01","slug":"la-confesion-del-gobernador-de-santa-fe-sobre-messi-que-volvio-locos-a-los-hinchas-de-newells-hay-una-posibilidad-de-que-el-mejor-del-mundo-venga-a-rosario","status":"publish","type":"post","link":"https:\/\/fmdelpueblo.ar\/?p=50864","title":{"rendered":"La confesi\u00f3n del gobernador de Santa Fe sobre Messi que volvi\u00f3 locos a los hinchas de Newell&#8217;s: \u00abHay una posibilidad de que el mejor del mundo venga a Rosario\u00bb"},"content":{"rendered":"<p>Un d\u00eda despu\u00e9s de que el 10 anunciara su retiro de la Selecci\u00f3n, Pullaro asegur\u00f3 que tuvo charlas con Messi.\u00bbLo vi entusiasmado\u00bb, dijo en Cadena 3.<\/p>","protected":false},"excerpt":{"rendered":"<p>Un d\u00eda despu\u00e9s de que el 10 anunciara su retiro de la Selecci\u00f3n, Pullaro asegur\u00f3 que tuvo charlas con Messi.\u00bbLo vi entusiasmado\u00bb, dijo en Cadena 3.<\/p>\n","protected":false},"author":0,"featured_media":0,"comment_status":"","ping_status":"","sticky":false,"template":"","format":"standard","meta":{"footnotes":""},"categories":[1],"tags":[],"class_list":["post-50864","post","type-post","status-publish","format-standard","has-post-thumbnail","hentry","category-sin-categoria"],"_links":{"self":[{"href":"https:\/\/fmdelpueblo.ar\/index.php?rest_route=\/wp\/v2\/posts\/50864","targetHints":{"allow":["GET"]}}],"collection":[{"href":"https:\/\/fmdelpueblo.ar\/index.php?rest_route=\/wp\/v2\/posts"}],"about":[{"href":"https:\/\/fmdelpueblo.ar\/index.php?rest_route=\/wp\/v2\/types\/post"}],"replies":[{"embeddable":true,"href":"https:\/\/fmdelpueblo.ar\/index.php?rest_route=%2Fwp%2Fv2%2Fcomments&post=50864"}],"version-history":[{"count":0,"href":"https:\/\/fmdelpueblo.ar\/index.php?rest_route=\/wp\/v2\/posts\/50864\/revisions"}],"wp:attachment":[{"href":"https:\/\/fmdelpueblo.ar\/index.php?rest_route=%2Fwp%2Fv2%2Fmedia&parent=50864"}],"wp:term":[{"taxonomy":"category","embeddable":true,"href":"https:\/\/fmdelpueblo.ar\/index.php?rest_route=%2Fwp%2Fv2%2Fcategories&post=50864"},{"taxonomy":"post_tag","embeddable":true,"href":"https:\/\/fmdelpueblo.ar\/index.php?rest_route=%2Fwp%2Fv2%2Ftags&post=50864"}],"curies":[{"name":"wp","href":"https:\/\/api.w.org\/{rel}","templated":true}]}}