{"id":50863,"date":"2026-09-01T12:09:00","date_gmt":"2026-09-01T15:09:00","guid":{"rendered":"http:\/\/fmdelpueblo.ar\/?p=50863"},"modified":"2026-09-01T12:09:00","modified_gmt":"2026-09-01T15:09:00","slug":"al-final-el-encuentro-del-papa-con-los-jovenes-sera-junto-al-monumento-de-los-espanoles","status":"publish","type":"post","link":"https:\/\/fmdelpueblo.ar\/?p=50863","title":{"rendered":"Al final, el encuentro del papa con los j\u00f3venes ser\u00e1 junto al Monumento de los Espa\u00f1oles"},"content":{"rendered":"<p>Se ven\u00eda barajando el estadio de River, pero el arzobispo de Buenos Aires dijo que se opt\u00f3 por el mismo lugar donde Le\u00f3n XIV celebrar\u00e1 la misa el d\u00eda anterior para permitir una mayor participaci\u00f3n y optimizar recursos. <\/p>","protected":false},"excerpt":{"rendered":"<p>Se ven\u00eda barajando el estadio de River, pero el arzobispo de Buenos Aires dijo que se opt\u00f3 por el mismo lugar donde Le\u00f3n XIV celebrar\u00e1 la misa el d\u00eda anterior para permitir una mayor participaci\u00f3n y optimizar recursos.<\/p>\n","protected":false},"author":0,"featured_media":0,"comment_status":"","ping_status":"","sticky":false,"template":"","format":"standard","meta":{"footnotes":""},"categories":[1],"tags":[],"class_list":["post-50863","post","type-post","status-publish","format-standard","has-post-thumbnail","hentry","category-sin-categoria"],"_links":{"self":[{"href":"https:\/\/fmdelpueblo.ar\/index.php?rest_route=\/wp\/v2\/posts\/50863","targetHints":{"allow":["GET"]}}],"collection":[{"href":"https:\/\/fmdelpueblo.ar\/index.php?rest_route=\/wp\/v2\/posts"}],"about":[{"href":"https:\/\/fmdelpueblo.ar\/index.php?rest_route=\/wp\/v2\/types\/post"}],"replies":[{"embeddable":true,"href":"https:\/\/fmdelpueblo.ar\/index.php?rest_route=%2Fwp%2Fv2%2Fcomments&post=50863"}],"version-history":[{"count":0,"href":"https:\/\/fmdelpueblo.ar\/index.php?rest_route=\/wp\/v2\/posts\/50863\/revisions"}],"wp:attachment":[{"href":"https:\/\/fmdelpueblo.ar\/index.php?rest_route=%2Fwp%2Fv2%2Fmedia&parent=50863"}],"wp:term":[{"taxonomy":"category","embeddable":true,"href":"https:\/\/fmdelpueblo.ar\/index.php?rest_route=%2Fwp%2Fv2%2Fcategories&post=50863"},{"taxonomy":"post_tag","embeddable":true,"href":"https:\/\/fmdelpueblo.ar\/index.php?rest_route=%2Fwp%2Fv2%2Ftags&post=50863"}],"curies":[{"name":"wp","href":"https:\/\/api.w.org\/{rel}","templated":true}]}}