{"id":50860,"date":"2026-09-01T12:08:58","date_gmt":"2026-09-01T15:08:58","guid":{"rendered":"http:\/\/fmdelpueblo.ar\/?p=50860"},"modified":"2026-09-01T12:08:58","modified_gmt":"2026-09-01T15:08:58","slug":"solo-uno-de-cada-cinco-latinos-siente-haber-alcanzado-el-sueno-americano-segun-encuesta","status":"publish","type":"post","link":"https:\/\/fmdelpueblo.ar\/?p=50860","title":{"rendered":"Solo uno de cada cinco latinos siente haber alcanzado el \u00absue\u00f1o americano\u00bb, seg\u00fan encuesta"},"content":{"rendered":"<p>Solo el 20 % de los latinos en EE.UU. siente haber alcanzado el \u00absue\u00f1o americano\u00bb, mientras que el 18 % lo ve inalcanzable, seg\u00fan Pew Research.Los migrantes latinos muestran m\u00e1s optimismo econ\u00f3mico que los nacidos en EE.UU., quienes ven m\u00e1s dif\u00edcil lograr el sue\u00f1o que sus padres.<\/p>","protected":false},"excerpt":{"rendered":"<p>Solo el 20 % de los latinos en EE.UU. siente haber alcanzado el \u00absue\u00f1o americano\u00bb, mientras que el 18 % lo ve inalcanzable, seg\u00fan Pew Research.Los migrantes latinos muestran m\u00e1s optimismo econ\u00f3mico que los nacidos en EE.UU., quienes ven m\u00e1s dif\u00edcil lograr el sue\u00f1o que sus padres.<\/p>\n","protected":false},"author":0,"featured_media":0,"comment_status":"","ping_status":"","sticky":false,"template":"","format":"standard","meta":{"footnotes":""},"categories":[1],"tags":[],"class_list":["post-50860","post","type-post","status-publish","format-standard","has-post-thumbnail","hentry","category-sin-categoria"],"_links":{"self":[{"href":"https:\/\/fmdelpueblo.ar\/index.php?rest_route=\/wp\/v2\/posts\/50860","targetHints":{"allow":["GET"]}}],"collection":[{"href":"https:\/\/fmdelpueblo.ar\/index.php?rest_route=\/wp\/v2\/posts"}],"about":[{"href":"https:\/\/fmdelpueblo.ar\/index.php?rest_route=\/wp\/v2\/types\/post"}],"replies":[{"embeddable":true,"href":"https:\/\/fmdelpueblo.ar\/index.php?rest_route=%2Fwp%2Fv2%2Fcomments&post=50860"}],"version-history":[{"count":0,"href":"https:\/\/fmdelpueblo.ar\/index.php?rest_route=\/wp\/v2\/posts\/50860\/revisions"}],"wp:attachment":[{"href":"https:\/\/fmdelpueblo.ar\/index.php?rest_route=%2Fwp%2Fv2%2Fmedia&parent=50860"}],"wp:term":[{"taxonomy":"category","embeddable":true,"href":"https:\/\/fmdelpueblo.ar\/index.php?rest_route=%2Fwp%2Fv2%2Fcategories&post=50860"},{"taxonomy":"post_tag","embeddable":true,"href":"https:\/\/fmdelpueblo.ar\/index.php?rest_route=%2Fwp%2Fv2%2Ftags&post=50860"}],"curies":[{"name":"wp","href":"https:\/\/api.w.org\/{rel}","templated":true}]}}