{"id":50858,"date":"2026-09-01T11:09:11","date_gmt":"2026-09-01T14:09:11","guid":{"rendered":"http:\/\/fmdelpueblo.ar\/?p=50858"},"modified":"2026-09-01T11:09:11","modified_gmt":"2026-09-01T14:09:11","slug":"un-bromista-de-mal-gusto-en-aeroparque-dejo-una-conservadora-con-un-rinon-y-tuvieron-que-activar-el-protocolo-antibomba","status":"publish","type":"post","link":"https:\/\/fmdelpueblo.ar\/?p=50858","title":{"rendered":"Un bromista de mal gusto en Aeroparque: dej\u00f3 una conservadora con un ri\u00f1\u00f3n y tuvieron que activar el protocolo antibomba"},"content":{"rendered":"<p>Un comerciante de 46 a\u00f1os dej\u00f3 la caja en el hall del aeropuerto, que debi\u00f3 ser desalojado por el bulto sospechoso.Fue procesado por \u00abintimidaci\u00f3n p\u00fablica\u00bb y le impusieron un embargo 8 millones de pesos por el gasto del operativo.Qu\u00e9 explicaci\u00f3n dio al ser detenido.<\/p>","protected":false},"excerpt":{"rendered":"<p>Un comerciante de 46 a\u00f1os dej\u00f3 la caja en el hall del aeropuerto, que debi\u00f3 ser desalojado por el bulto sospechoso.Fue procesado por \u00abintimidaci\u00f3n p\u00fablica\u00bb y le impusieron un embargo 8 millones de pesos por el gasto del operativo.Qu\u00e9 explicaci\u00f3n dio al ser detenido.<\/p>\n","protected":false},"author":0,"featured_media":0,"comment_status":"","ping_status":"","sticky":false,"template":"","format":"standard","meta":{"footnotes":""},"categories":[1],"tags":[],"class_list":["post-50858","post","type-post","status-publish","format-standard","has-post-thumbnail","hentry","category-sin-categoria"],"_links":{"self":[{"href":"https:\/\/fmdelpueblo.ar\/index.php?rest_route=\/wp\/v2\/posts\/50858","targetHints":{"allow":["GET"]}}],"collection":[{"href":"https:\/\/fmdelpueblo.ar\/index.php?rest_route=\/wp\/v2\/posts"}],"about":[{"href":"https:\/\/fmdelpueblo.ar\/index.php?rest_route=\/wp\/v2\/types\/post"}],"replies":[{"embeddable":true,"href":"https:\/\/fmdelpueblo.ar\/index.php?rest_route=%2Fwp%2Fv2%2Fcomments&post=50858"}],"version-history":[{"count":0,"href":"https:\/\/fmdelpueblo.ar\/index.php?rest_route=\/wp\/v2\/posts\/50858\/revisions"}],"wp:attachment":[{"href":"https:\/\/fmdelpueblo.ar\/index.php?rest_route=%2Fwp%2Fv2%2Fmedia&parent=50858"}],"wp:term":[{"taxonomy":"category","embeddable":true,"href":"https:\/\/fmdelpueblo.ar\/index.php?rest_route=%2Fwp%2Fv2%2Fcategories&post=50858"},{"taxonomy":"post_tag","embeddable":true,"href":"https:\/\/fmdelpueblo.ar\/index.php?rest_route=%2Fwp%2Fv2%2Ftags&post=50858"}],"curies":[{"name":"wp","href":"https:\/\/api.w.org\/{rel}","templated":true}]}}