{"id":50857,"date":"2026-09-01T11:09:10","date_gmt":"2026-09-01T14:09:10","guid":{"rendered":"http:\/\/fmdelpueblo.ar\/?p=50857"},"modified":"2026-09-01T11:09:10","modified_gmt":"2026-09-01T14:09:10","slug":"la-isla-fantasma-se-desplaza-a-la-deriva-por-un-gran-lago-canadiense-y-desaparece","status":"publish","type":"post","link":"https:\/\/fmdelpueblo.ar\/?p=50857","title":{"rendered":"La Isla Fantasma se desplaza a la deriva por un gran lago canadiense y desaparece"},"content":{"rendered":"<p>Al principio, las autoridades pensaron que se trataba simplemente de una artima\u00f1a de la inteligencia artificial, hasta que comprobaron las im\u00e1genes de sat\u00e9lite del norte de Columbia Brit\u00e1nica. El misterio se intensific\u00f3 y, el lunes, se localiz\u00f3 la isla.<\/p>","protected":false},"excerpt":{"rendered":"<p>Al principio, las autoridades pensaron que se trataba simplemente de una artima\u00f1a de la inteligencia artificial, hasta que comprobaron las im\u00e1genes de sat\u00e9lite del norte de Columbia Brit\u00e1nica. El misterio se intensific\u00f3 y, el lunes, se localiz\u00f3 la isla.<\/p>\n","protected":false},"author":0,"featured_media":0,"comment_status":"","ping_status":"","sticky":false,"template":"","format":"standard","meta":{"footnotes":""},"categories":[1],"tags":[],"class_list":["post-50857","post","type-post","status-publish","format-standard","has-post-thumbnail","hentry","category-sin-categoria"],"_links":{"self":[{"href":"https:\/\/fmdelpueblo.ar\/index.php?rest_route=\/wp\/v2\/posts\/50857","targetHints":{"allow":["GET"]}}],"collection":[{"href":"https:\/\/fmdelpueblo.ar\/index.php?rest_route=\/wp\/v2\/posts"}],"about":[{"href":"https:\/\/fmdelpueblo.ar\/index.php?rest_route=\/wp\/v2\/types\/post"}],"replies":[{"embeddable":true,"href":"https:\/\/fmdelpueblo.ar\/index.php?rest_route=%2Fwp%2Fv2%2Fcomments&post=50857"}],"version-history":[{"count":0,"href":"https:\/\/fmdelpueblo.ar\/index.php?rest_route=\/wp\/v2\/posts\/50857\/revisions"}],"wp:attachment":[{"href":"https:\/\/fmdelpueblo.ar\/index.php?rest_route=%2Fwp%2Fv2%2Fmedia&parent=50857"}],"wp:term":[{"taxonomy":"category","embeddable":true,"href":"https:\/\/fmdelpueblo.ar\/index.php?rest_route=%2Fwp%2Fv2%2Fcategories&post=50857"},{"taxonomy":"post_tag","embeddable":true,"href":"https:\/\/fmdelpueblo.ar\/index.php?rest_route=%2Fwp%2Fv2%2Ftags&post=50857"}],"curies":[{"name":"wp","href":"https:\/\/api.w.org\/{rel}","templated":true}]}}