{"id":50856,"date":"2026-09-01T11:09:10","date_gmt":"2026-09-01T14:09:10","guid":{"rendered":"http:\/\/fmdelpueblo.ar\/?p=50856"},"modified":"2026-09-01T11:09:10","modified_gmt":"2026-09-01T14:09:10","slug":"gran-bretana-le-contesto-a-trump-tras-su-frase-sobre-las-malvinas-nuestro-compromiso-con-los-islenos-es-inquebrantable","status":"publish","type":"post","link":"https:\/\/fmdelpueblo.ar\/?p=50856","title":{"rendered":"Gran Breta\u00f1a le contest\u00f3 a Trump tras su frase sobre las Malvinas: \u00abNuestro compromiso con los isle\u00f1os es inquebrantable\u00bb"},"content":{"rendered":"<p>Lo dijo el vocero del primer ministro y el secretario de Hacienda ingl\u00e9s tambi\u00e9n le contest\u00f3: \u00abSon brit\u00e1nicas y seguir\u00e1n siendo brit\u00e1nicas\u00bb.Trump dijo que pod\u00eda revisar su posici\u00f3n de apoyo a los ingleses. <\/p>","protected":false},"excerpt":{"rendered":"<p>Lo dijo el vocero del primer ministro y el secretario de Hacienda ingl\u00e9s tambi\u00e9n le contest\u00f3: \u00abSon brit\u00e1nicas y seguir\u00e1n siendo brit\u00e1nicas\u00bb.Trump dijo que pod\u00eda revisar su posici\u00f3n de apoyo a los ingleses.<\/p>\n","protected":false},"author":0,"featured_media":0,"comment_status":"","ping_status":"","sticky":false,"template":"","format":"standard","meta":{"footnotes":""},"categories":[1],"tags":[],"class_list":["post-50856","post","type-post","status-publish","format-standard","has-post-thumbnail","hentry","category-sin-categoria"],"_links":{"self":[{"href":"https:\/\/fmdelpueblo.ar\/index.php?rest_route=\/wp\/v2\/posts\/50856","targetHints":{"allow":["GET"]}}],"collection":[{"href":"https:\/\/fmdelpueblo.ar\/index.php?rest_route=\/wp\/v2\/posts"}],"about":[{"href":"https:\/\/fmdelpueblo.ar\/index.php?rest_route=\/wp\/v2\/types\/post"}],"replies":[{"embeddable":true,"href":"https:\/\/fmdelpueblo.ar\/index.php?rest_route=%2Fwp%2Fv2%2Fcomments&post=50856"}],"version-history":[{"count":0,"href":"https:\/\/fmdelpueblo.ar\/index.php?rest_route=\/wp\/v2\/posts\/50856\/revisions"}],"wp:attachment":[{"href":"https:\/\/fmdelpueblo.ar\/index.php?rest_route=%2Fwp%2Fv2%2Fmedia&parent=50856"}],"wp:term":[{"taxonomy":"category","embeddable":true,"href":"https:\/\/fmdelpueblo.ar\/index.php?rest_route=%2Fwp%2Fv2%2Fcategories&post=50856"},{"taxonomy":"post_tag","embeddable":true,"href":"https:\/\/fmdelpueblo.ar\/index.php?rest_route=%2Fwp%2Fv2%2Ftags&post=50856"}],"curies":[{"name":"wp","href":"https:\/\/api.w.org\/{rel}","templated":true}]}}