{"id":50854,"date":"2026-09-01T11:09:09","date_gmt":"2026-09-01T14:09:09","guid":{"rendered":"http:\/\/fmdelpueblo.ar\/?p=50854"},"modified":"2026-09-01T11:09:09","modified_gmt":"2026-09-01T14:09:09","slug":"sofia-clerici-enfrento-los-rumores-de-romance-con-el-cantante-de-ke-personajes-no-tengo-por-que-mentir","status":"publish","type":"post","link":"https:\/\/fmdelpueblo.ar\/?p=50854","title":{"rendered":"Sof\u00eda Clerici enfrent\u00f3 los rumores de romance con el cantante de Ke Personajes: \u00abNo tengo por qu\u00e9 mentir\u00bb"},"content":{"rendered":"<p>La modelo habl\u00f3 de las im\u00e1genes que trascendieron de ella junto a Emanuel Noir. Tambi\u00e9n se refiri\u00f3 a su embarazo.<\/p>","protected":false},"excerpt":{"rendered":"<p>La modelo habl\u00f3 de las im\u00e1genes que trascendieron de ella junto a Emanuel Noir. Tambi\u00e9n se refiri\u00f3 a su embarazo.<\/p>\n","protected":false},"author":0,"featured_media":0,"comment_status":"","ping_status":"","sticky":false,"template":"","format":"standard","meta":{"footnotes":""},"categories":[1],"tags":[],"class_list":["post-50854","post","type-post","status-publish","format-standard","has-post-thumbnail","hentry","category-sin-categoria"],"_links":{"self":[{"href":"https:\/\/fmdelpueblo.ar\/index.php?rest_route=\/wp\/v2\/posts\/50854","targetHints":{"allow":["GET"]}}],"collection":[{"href":"https:\/\/fmdelpueblo.ar\/index.php?rest_route=\/wp\/v2\/posts"}],"about":[{"href":"https:\/\/fmdelpueblo.ar\/index.php?rest_route=\/wp\/v2\/types\/post"}],"replies":[{"embeddable":true,"href":"https:\/\/fmdelpueblo.ar\/index.php?rest_route=%2Fwp%2Fv2%2Fcomments&post=50854"}],"version-history":[{"count":0,"href":"https:\/\/fmdelpueblo.ar\/index.php?rest_route=\/wp\/v2\/posts\/50854\/revisions"}],"wp:attachment":[{"href":"https:\/\/fmdelpueblo.ar\/index.php?rest_route=%2Fwp%2Fv2%2Fmedia&parent=50854"}],"wp:term":[{"taxonomy":"category","embeddable":true,"href":"https:\/\/fmdelpueblo.ar\/index.php?rest_route=%2Fwp%2Fv2%2Fcategories&post=50854"},{"taxonomy":"post_tag","embeddable":true,"href":"https:\/\/fmdelpueblo.ar\/index.php?rest_route=%2Fwp%2Fv2%2Ftags&post=50854"}],"curies":[{"name":"wp","href":"https:\/\/api.w.org\/{rel}","templated":true}]}}