{"id":50852,"date":"2026-09-01T11:09:08","date_gmt":"2026-09-01T14:09:08","guid":{"rendered":"http:\/\/fmdelpueblo.ar\/?p=50852"},"modified":"2026-09-01T11:09:08","modified_gmt":"2026-09-01T14:09:08","slug":"sergio-peris-mencheta-actor-la-enfermedad-me-enseno-que-llegar-cinco-minutos-antes-no-cambia-nada-hay-que-disfrutar-del-trayecto","status":"publish","type":"post","link":"https:\/\/fmdelpueblo.ar\/?p=50852","title":{"rendered":"Sergio Peris-Mencheta, actor: \u201cLa enfermedad me ense\u00f1\u00f3 que llegar cinco minutos antes no cambia nada, hay que disfrutar del trayecto\u201d"},"content":{"rendered":"<p>El tambi\u00e9n director de teatro recuerda que, de joven, en el metro, un grupo de adolescentes lo encerr\u00f3 en un vag\u00f3n cant\u00e1ndole la canci\u00f3n de \u00abAl salir de clase\u00bb, la serie que protagonizaba. Despu\u00e9s, estuvo varios a\u00f1os sin utilizar ese medio de transporte.En esta nota, adem\u00e1s, reflexiona sobre la velocidad en la que vivimos. <\/p>","protected":false},"excerpt":{"rendered":"<p>El tambi\u00e9n director de teatro recuerda que, de joven, en el metro, un grupo de adolescentes lo encerr\u00f3 en un vag\u00f3n cant\u00e1ndole la canci\u00f3n de \u00abAl salir de clase\u00bb, la serie que protagonizaba. Despu\u00e9s, estuvo varios a\u00f1os sin utilizar ese medio de transporte.En esta nota, adem\u00e1s, reflexiona sobre la velocidad en la que vivimos.<\/p>\n","protected":false},"author":0,"featured_media":0,"comment_status":"","ping_status":"","sticky":false,"template":"","format":"standard","meta":{"footnotes":""},"categories":[1],"tags":[],"class_list":["post-50852","post","type-post","status-publish","format-standard","has-post-thumbnail","hentry","category-sin-categoria"],"_links":{"self":[{"href":"https:\/\/fmdelpueblo.ar\/index.php?rest_route=\/wp\/v2\/posts\/50852","targetHints":{"allow":["GET"]}}],"collection":[{"href":"https:\/\/fmdelpueblo.ar\/index.php?rest_route=\/wp\/v2\/posts"}],"about":[{"href":"https:\/\/fmdelpueblo.ar\/index.php?rest_route=\/wp\/v2\/types\/post"}],"replies":[{"embeddable":true,"href":"https:\/\/fmdelpueblo.ar\/index.php?rest_route=%2Fwp%2Fv2%2Fcomments&post=50852"}],"version-history":[{"count":0,"href":"https:\/\/fmdelpueblo.ar\/index.php?rest_route=\/wp\/v2\/posts\/50852\/revisions"}],"wp:attachment":[{"href":"https:\/\/fmdelpueblo.ar\/index.php?rest_route=%2Fwp%2Fv2%2Fmedia&parent=50852"}],"wp:term":[{"taxonomy":"category","embeddable":true,"href":"https:\/\/fmdelpueblo.ar\/index.php?rest_route=%2Fwp%2Fv2%2Fcategories&post=50852"},{"taxonomy":"post_tag","embeddable":true,"href":"https:\/\/fmdelpueblo.ar\/index.php?rest_route=%2Fwp%2Fv2%2Ftags&post=50852"}],"curies":[{"name":"wp","href":"https:\/\/api.w.org\/{rel}","templated":true}]}}