{"id":50846,"date":"2026-09-01T10:09:07","date_gmt":"2026-09-01T13:09:07","guid":{"rendered":"http:\/\/fmdelpueblo.ar\/?p=50846"},"modified":"2026-09-01T10:09:07","modified_gmt":"2026-09-01T13:09:07","slug":"el-campo-ingreso-2750-millones-de-dolares-por-exportaciones-en-el-mes-de-agosto","status":"publish","type":"post","link":"https:\/\/fmdelpueblo.ar\/?p=50846","title":{"rendered":"El campo ingres\u00f3 2750 millones de d\u00f3lares por exportaciones en el mes de agosto"},"content":{"rendered":"<p>La liquidaci\u00f3n de divisas es un 33% superior al mismo mes de 2025.Los cereales traccionaron las ventas en las \u00faltimas semanas del mes.<\/p>","protected":false},"excerpt":{"rendered":"<p>La liquidaci\u00f3n de divisas es un 33% superior al mismo mes de 2025.Los cereales traccionaron las ventas en las \u00faltimas semanas del mes.<\/p>\n","protected":false},"author":0,"featured_media":0,"comment_status":"","ping_status":"","sticky":false,"template":"","format":"standard","meta":{"footnotes":""},"categories":[1],"tags":[],"class_list":["post-50846","post","type-post","status-publish","format-standard","has-post-thumbnail","hentry","category-sin-categoria"],"_links":{"self":[{"href":"https:\/\/fmdelpueblo.ar\/index.php?rest_route=\/wp\/v2\/posts\/50846","targetHints":{"allow":["GET"]}}],"collection":[{"href":"https:\/\/fmdelpueblo.ar\/index.php?rest_route=\/wp\/v2\/posts"}],"about":[{"href":"https:\/\/fmdelpueblo.ar\/index.php?rest_route=\/wp\/v2\/types\/post"}],"replies":[{"embeddable":true,"href":"https:\/\/fmdelpueblo.ar\/index.php?rest_route=%2Fwp%2Fv2%2Fcomments&post=50846"}],"version-history":[{"count":0,"href":"https:\/\/fmdelpueblo.ar\/index.php?rest_route=\/wp\/v2\/posts\/50846\/revisions"}],"wp:attachment":[{"href":"https:\/\/fmdelpueblo.ar\/index.php?rest_route=%2Fwp%2Fv2%2Fmedia&parent=50846"}],"wp:term":[{"taxonomy":"category","embeddable":true,"href":"https:\/\/fmdelpueblo.ar\/index.php?rest_route=%2Fwp%2Fv2%2Fcategories&post=50846"},{"taxonomy":"post_tag","embeddable":true,"href":"https:\/\/fmdelpueblo.ar\/index.php?rest_route=%2Fwp%2Fv2%2Ftags&post=50846"}],"curies":[{"name":"wp","href":"https:\/\/api.w.org\/{rel}","templated":true}]}}