{"id":50843,"date":"2026-09-01T10:09:05","date_gmt":"2026-09-01T13:09:05","guid":{"rendered":"http:\/\/fmdelpueblo.ar\/?p=50843"},"modified":"2026-09-01T10:09:05","modified_gmt":"2026-09-01T13:09:05","slug":"un-motociclista-choco-contra-un-colectivo-y-un-olvido-del-chofer-le-salvo-la-vida-el-video-del-milagroso-accidente","status":"publish","type":"post","link":"https:\/\/fmdelpueblo.ar\/?p=50843","title":{"rendered":"Un motociclista choc\u00f3 contra un colectivo y un olvido del chofer le salv\u00f3 la vida: el video del milagroso accidente"},"content":{"rendered":"<p>Ocurri\u00f3 en pleno centro de Guadalajara de Buga, la hist\u00f3rica ciudad colombiana del Valle del Cauca.Inocencio Juspian, el conductor de la buseta, habl\u00f3 tras la viralizaci\u00f3n de las im\u00e1genes.<\/p>","protected":false},"excerpt":{"rendered":"<p>Ocurri\u00f3 en pleno centro de Guadalajara de Buga, la hist\u00f3rica ciudad colombiana del Valle del Cauca.Inocencio Juspian, el conductor de la buseta, habl\u00f3 tras la viralizaci\u00f3n de las im\u00e1genes.<\/p>\n","protected":false},"author":0,"featured_media":0,"comment_status":"","ping_status":"","sticky":false,"template":"","format":"standard","meta":{"footnotes":""},"categories":[1],"tags":[],"class_list":["post-50843","post","type-post","status-publish","format-standard","has-post-thumbnail","hentry","category-sin-categoria"],"_links":{"self":[{"href":"https:\/\/fmdelpueblo.ar\/index.php?rest_route=\/wp\/v2\/posts\/50843","targetHints":{"allow":["GET"]}}],"collection":[{"href":"https:\/\/fmdelpueblo.ar\/index.php?rest_route=\/wp\/v2\/posts"}],"about":[{"href":"https:\/\/fmdelpueblo.ar\/index.php?rest_route=\/wp\/v2\/types\/post"}],"replies":[{"embeddable":true,"href":"https:\/\/fmdelpueblo.ar\/index.php?rest_route=%2Fwp%2Fv2%2Fcomments&post=50843"}],"version-history":[{"count":0,"href":"https:\/\/fmdelpueblo.ar\/index.php?rest_route=\/wp\/v2\/posts\/50843\/revisions"}],"wp:attachment":[{"href":"https:\/\/fmdelpueblo.ar\/index.php?rest_route=%2Fwp%2Fv2%2Fmedia&parent=50843"}],"wp:term":[{"taxonomy":"category","embeddable":true,"href":"https:\/\/fmdelpueblo.ar\/index.php?rest_route=%2Fwp%2Fv2%2Fcategories&post=50843"},{"taxonomy":"post_tag","embeddable":true,"href":"https:\/\/fmdelpueblo.ar\/index.php?rest_route=%2Fwp%2Fv2%2Ftags&post=50843"}],"curies":[{"name":"wp","href":"https:\/\/api.w.org\/{rel}","templated":true}]}}