{"id":50842,"date":"2026-09-01T10:09:04","date_gmt":"2026-09-01T13:09:04","guid":{"rendered":"http:\/\/fmdelpueblo.ar\/?p=50842"},"modified":"2026-09-01T10:09:04","modified_gmt":"2026-09-01T13:09:04","slug":"ultimo-capitulo-de-la-novela-de-julian-alvarez-se-cierra-el-mercado-de-pases-y-la-arana-se-refugia-en-los-argentinos-del-atletico","status":"publish","type":"post","link":"https:\/\/fmdelpueblo.ar\/?p=50842","title":{"rendered":"\u00daltimo cap\u00edtulo de la novela de Juli\u00e1n \u00c1lvarez: se cierra el mercado de pases y la Ara\u00f1a se refugia en los argentinos del Atl\u00e9tico"},"content":{"rendered":"<p>Reincorporado al Aleti, el delantero afront\u00f3 el \u00faltimo entrenamiento antes del cierre del libro de pases europeo y empieza a reenfocarse en el equipo de Simeone. Giuliano, Cuti Romero y Musso aparecen como su principal sost\u00e9n despu\u00e9s de semanas de tensi\u00f3n por su frustrada salida.<\/p>","protected":false},"excerpt":{"rendered":"<p>Reincorporado al Aleti, el delantero afront\u00f3 el \u00faltimo entrenamiento antes del cierre del libro de pases europeo y empieza a reenfocarse en el equipo de Simeone. Giuliano, Cuti Romero y Musso aparecen como su principal sost\u00e9n despu\u00e9s de semanas de tensi\u00f3n por su frustrada salida.<\/p>\n","protected":false},"author":0,"featured_media":0,"comment_status":"","ping_status":"","sticky":false,"template":"","format":"standard","meta":{"footnotes":""},"categories":[1],"tags":[],"class_list":["post-50842","post","type-post","status-publish","format-standard","has-post-thumbnail","hentry","category-sin-categoria"],"_links":{"self":[{"href":"https:\/\/fmdelpueblo.ar\/index.php?rest_route=\/wp\/v2\/posts\/50842","targetHints":{"allow":["GET"]}}],"collection":[{"href":"https:\/\/fmdelpueblo.ar\/index.php?rest_route=\/wp\/v2\/posts"}],"about":[{"href":"https:\/\/fmdelpueblo.ar\/index.php?rest_route=\/wp\/v2\/types\/post"}],"replies":[{"embeddable":true,"href":"https:\/\/fmdelpueblo.ar\/index.php?rest_route=%2Fwp%2Fv2%2Fcomments&post=50842"}],"version-history":[{"count":0,"href":"https:\/\/fmdelpueblo.ar\/index.php?rest_route=\/wp\/v2\/posts\/50842\/revisions"}],"wp:attachment":[{"href":"https:\/\/fmdelpueblo.ar\/index.php?rest_route=%2Fwp%2Fv2%2Fmedia&parent=50842"}],"wp:term":[{"taxonomy":"category","embeddable":true,"href":"https:\/\/fmdelpueblo.ar\/index.php?rest_route=%2Fwp%2Fv2%2Fcategories&post=50842"},{"taxonomy":"post_tag","embeddable":true,"href":"https:\/\/fmdelpueblo.ar\/index.php?rest_route=%2Fwp%2Fv2%2Ftags&post=50842"}],"curies":[{"name":"wp","href":"https:\/\/api.w.org\/{rel}","templated":true}]}}