{"id":50841,"date":"2026-09-01T10:09:04","date_gmt":"2026-09-01T13:09:04","guid":{"rendered":"http:\/\/fmdelpueblo.ar\/?p=50841"},"modified":"2026-09-01T10:09:04","modified_gmt":"2026-09-01T13:09:04","slug":"oscar-casas-actor-27-anos-necesito-desayunar-dos-tostadas-con-tomate-pavo-y-queso-fresco-en-dietas-estrictas-solo-comi-una-lata-de-atun-al-dia","status":"publish","type":"post","link":"https:\/\/fmdelpueblo.ar\/?p=50841","title":{"rendered":"\u00d3scar Casas, actor, 27 a\u00f1os: \u00abNecesito desayunar dos tostadas con tomate, pavo y queso fresco. En dietas estrictas solo com\u00ed una lata de at\u00fan al d\u00eda\u00bb"},"content":{"rendered":"<p>El actor cont\u00f3 qu\u00e9 desayuno prepara incluso cuando debe levantarse antes de las cinco.Tambi\u00e9n record\u00f3 una dieta extrema que sigui\u00f3 para afrontar uno de sus personajes.<\/p>","protected":false},"excerpt":{"rendered":"<p>El actor cont\u00f3 qu\u00e9 desayuno prepara incluso cuando debe levantarse antes de las cinco.Tambi\u00e9n record\u00f3 una dieta extrema que sigui\u00f3 para afrontar uno de sus personajes.<\/p>\n","protected":false},"author":0,"featured_media":0,"comment_status":"","ping_status":"","sticky":false,"template":"","format":"standard","meta":{"footnotes":""},"categories":[1],"tags":[],"class_list":["post-50841","post","type-post","status-publish","format-standard","has-post-thumbnail","hentry","category-sin-categoria"],"_links":{"self":[{"href":"https:\/\/fmdelpueblo.ar\/index.php?rest_route=\/wp\/v2\/posts\/50841","targetHints":{"allow":["GET"]}}],"collection":[{"href":"https:\/\/fmdelpueblo.ar\/index.php?rest_route=\/wp\/v2\/posts"}],"about":[{"href":"https:\/\/fmdelpueblo.ar\/index.php?rest_route=\/wp\/v2\/types\/post"}],"replies":[{"embeddable":true,"href":"https:\/\/fmdelpueblo.ar\/index.php?rest_route=%2Fwp%2Fv2%2Fcomments&post=50841"}],"version-history":[{"count":0,"href":"https:\/\/fmdelpueblo.ar\/index.php?rest_route=\/wp\/v2\/posts\/50841\/revisions"}],"wp:attachment":[{"href":"https:\/\/fmdelpueblo.ar\/index.php?rest_route=%2Fwp%2Fv2%2Fmedia&parent=50841"}],"wp:term":[{"taxonomy":"category","embeddable":true,"href":"https:\/\/fmdelpueblo.ar\/index.php?rest_route=%2Fwp%2Fv2%2Fcategories&post=50841"},{"taxonomy":"post_tag","embeddable":true,"href":"https:\/\/fmdelpueblo.ar\/index.php?rest_route=%2Fwp%2Fv2%2Ftags&post=50841"}],"curies":[{"name":"wp","href":"https:\/\/api.w.org\/{rel}","templated":true}]}}