{"id":50840,"date":"2026-09-01T10:09:03","date_gmt":"2026-09-01T13:09:03","guid":{"rendered":"http:\/\/fmdelpueblo.ar\/?p=50840"},"modified":"2026-09-01T10:09:03","modified_gmt":"2026-09-01T13:09:03","slug":"el-gesto-de-axel-kicillof-con-cristina-kirchner-continua-injustamente-detenida-y-el-intento-de-asesinato-que-sufrio-sigue-impune","status":"publish","type":"post","link":"https:\/\/fmdelpueblo.ar\/?p=50840","title":{"rendered":"El gesto de Axel Kicillof con Cristina Kirchner: \u00abContin\u00faa injustamente detenida y el intento de asesinato que sufri\u00f3 sigue impune\u00bb"},"content":{"rendered":"<p>El mandatario bonaerense cuestion\u00f3 que a cuatro a\u00f1os del intento de magnicidio la investigaci\u00f3n no haya avanzado sobre los autores intelectuales.Ocurre en medio de un distanciamiento con el expresidenta y una fuerte interna en el peronismo.<\/p>","protected":false},"excerpt":{"rendered":"<p>El mandatario bonaerense cuestion\u00f3 que a cuatro a\u00f1os del intento de magnicidio la investigaci\u00f3n no haya avanzado sobre los autores intelectuales.Ocurre en medio de un distanciamiento con el expresidenta y una fuerte interna en el peronismo.<\/p>\n","protected":false},"author":0,"featured_media":0,"comment_status":"","ping_status":"","sticky":false,"template":"","format":"standard","meta":{"footnotes":""},"categories":[1],"tags":[],"class_list":["post-50840","post","type-post","status-publish","format-standard","has-post-thumbnail","hentry","category-sin-categoria"],"_links":{"self":[{"href":"https:\/\/fmdelpueblo.ar\/index.php?rest_route=\/wp\/v2\/posts\/50840","targetHints":{"allow":["GET"]}}],"collection":[{"href":"https:\/\/fmdelpueblo.ar\/index.php?rest_route=\/wp\/v2\/posts"}],"about":[{"href":"https:\/\/fmdelpueblo.ar\/index.php?rest_route=\/wp\/v2\/types\/post"}],"replies":[{"embeddable":true,"href":"https:\/\/fmdelpueblo.ar\/index.php?rest_route=%2Fwp%2Fv2%2Fcomments&post=50840"}],"version-history":[{"count":0,"href":"https:\/\/fmdelpueblo.ar\/index.php?rest_route=\/wp\/v2\/posts\/50840\/revisions"}],"wp:attachment":[{"href":"https:\/\/fmdelpueblo.ar\/index.php?rest_route=%2Fwp%2Fv2%2Fmedia&parent=50840"}],"wp:term":[{"taxonomy":"category","embeddable":true,"href":"https:\/\/fmdelpueblo.ar\/index.php?rest_route=%2Fwp%2Fv2%2Fcategories&post=50840"},{"taxonomy":"post_tag","embeddable":true,"href":"https:\/\/fmdelpueblo.ar\/index.php?rest_route=%2Fwp%2Fv2%2Ftags&post=50840"}],"curies":[{"name":"wp","href":"https:\/\/api.w.org\/{rel}","templated":true}]}}