{"id":50838,"date":"2026-09-01T09:08:58","date_gmt":"2026-09-01T12:08:58","guid":{"rendered":"http:\/\/fmdelpueblo.ar\/?p=50838"},"modified":"2026-09-01T09:08:58","modified_gmt":"2026-09-01T12:08:58","slug":"dolar-hoy-y-dolar-blue-en-vivo-a-cuanto-cotizo-el-oficial-y-cual-fue-el-precio-del-paralelo-este-martes-1-de-septiembre-minuto-a-minuto","status":"publish","type":"post","link":"https:\/\/fmdelpueblo.ar\/?p=50838","title":{"rendered":"D\u00f3lar hoy y d\u00f3lar blue, EN VIVO: a cu\u00e1nto cotiz\u00f3 el oficial y cu\u00e1l fue el precio del paralelo este martes 1\u00b0 de septiembre, minuto a minuto"},"content":{"rendered":"<p>Segu\u00ed los cambios de las cotizaciones del d\u00f3lar este martes 1\u00b0 de septiembre, minuto a minuto.<\/p>","protected":false},"excerpt":{"rendered":"<p>Segu\u00ed los cambios de las cotizaciones del d\u00f3lar este martes 1\u00b0 de septiembre, minuto a minuto.<\/p>\n","protected":false},"author":0,"featured_media":0,"comment_status":"","ping_status":"","sticky":false,"template":"","format":"standard","meta":{"footnotes":""},"categories":[1],"tags":[],"class_list":["post-50838","post","type-post","status-publish","format-standard","has-post-thumbnail","hentry","category-sin-categoria"],"_links":{"self":[{"href":"https:\/\/fmdelpueblo.ar\/index.php?rest_route=\/wp\/v2\/posts\/50838","targetHints":{"allow":["GET"]}}],"collection":[{"href":"https:\/\/fmdelpueblo.ar\/index.php?rest_route=\/wp\/v2\/posts"}],"about":[{"href":"https:\/\/fmdelpueblo.ar\/index.php?rest_route=\/wp\/v2\/types\/post"}],"replies":[{"embeddable":true,"href":"https:\/\/fmdelpueblo.ar\/index.php?rest_route=%2Fwp%2Fv2%2Fcomments&post=50838"}],"version-history":[{"count":0,"href":"https:\/\/fmdelpueblo.ar\/index.php?rest_route=\/wp\/v2\/posts\/50838\/revisions"}],"wp:attachment":[{"href":"https:\/\/fmdelpueblo.ar\/index.php?rest_route=%2Fwp%2Fv2%2Fmedia&parent=50838"}],"wp:term":[{"taxonomy":"category","embeddable":true,"href":"https:\/\/fmdelpueblo.ar\/index.php?rest_route=%2Fwp%2Fv2%2Fcategories&post=50838"},{"taxonomy":"post_tag","embeddable":true,"href":"https:\/\/fmdelpueblo.ar\/index.php?rest_route=%2Fwp%2Fv2%2Ftags&post=50838"}],"curies":[{"name":"wp","href":"https:\/\/api.w.org\/{rel}","templated":true}]}}