{"id":50819,"date":"2026-09-01T07:09:02","date_gmt":"2026-09-01T10:09:02","guid":{"rendered":"https:\/\/fmdelpueblo.ar\/?p=50819"},"modified":"2026-09-01T07:09:02","modified_gmt":"2026-09-01T10:09:02","slug":"cristina-se-alejo-de-las-redes-lleva-un-mes-sin-publicar-y-espera-que-avance-su-reclamo-ante-la-onu","status":"publish","type":"post","link":"https:\/\/fmdelpueblo.ar\/?p=50819","title":{"rendered":"Cristina se alej\u00f3 de las redes: lleva un mes sin publicar y espera que avance su reclamo ante la ONU"},"content":{"rendered":"<p>C\u00f3mo pasa sus d\u00edas la ex presidenta mientras cumple arresto domiciliario en San Jos\u00e9 1111.Rutinas, visitas y la vecina de La C\u00e1mpora que compr\u00f3 el piso de abajo.<\/p>","protected":false},"excerpt":{"rendered":"<p>C\u00f3mo pasa sus d\u00edas la ex presidenta mientras cumple arresto domiciliario en San Jos\u00e9 1111.Rutinas, visitas y la vecina de La C\u00e1mpora que compr\u00f3 el piso de abajo.<\/p>\n","protected":false},"author":0,"featured_media":0,"comment_status":"","ping_status":"","sticky":false,"template":"","format":"standard","meta":{"footnotes":""},"categories":[1],"tags":[],"class_list":["post-50819","post","type-post","status-publish","format-standard","has-post-thumbnail","hentry","category-sin-categoria"],"_links":{"self":[{"href":"https:\/\/fmdelpueblo.ar\/index.php?rest_route=\/wp\/v2\/posts\/50819","targetHints":{"allow":["GET"]}}],"collection":[{"href":"https:\/\/fmdelpueblo.ar\/index.php?rest_route=\/wp\/v2\/posts"}],"about":[{"href":"https:\/\/fmdelpueblo.ar\/index.php?rest_route=\/wp\/v2\/types\/post"}],"replies":[{"embeddable":true,"href":"https:\/\/fmdelpueblo.ar\/index.php?rest_route=%2Fwp%2Fv2%2Fcomments&post=50819"}],"version-history":[{"count":0,"href":"https:\/\/fmdelpueblo.ar\/index.php?rest_route=\/wp\/v2\/posts\/50819\/revisions"}],"wp:attachment":[{"href":"https:\/\/fmdelpueblo.ar\/index.php?rest_route=%2Fwp%2Fv2%2Fmedia&parent=50819"}],"wp:term":[{"taxonomy":"category","embeddable":true,"href":"https:\/\/fmdelpueblo.ar\/index.php?rest_route=%2Fwp%2Fv2%2Fcategories&post=50819"},{"taxonomy":"post_tag","embeddable":true,"href":"https:\/\/fmdelpueblo.ar\/index.php?rest_route=%2Fwp%2Fv2%2Ftags&post=50819"}],"curies":[{"name":"wp","href":"https:\/\/api.w.org\/{rel}","templated":true}]}}