{"id":50818,"date":"2026-09-01T07:09:01","date_gmt":"2026-09-01T10:09:01","guid":{"rendered":"https:\/\/fmdelpueblo.ar\/?p=50818"},"modified":"2026-09-01T07:09:01","modified_gmt":"2026-09-01T10:09:01","slug":"volkswagen-llamo-a-revision-en-argentina-a-mas-de-20-000-unidades-de-sus-modelos-mas-vendidos-cual-es-la-falla-y-que-hacer","status":"publish","type":"post","link":"https:\/\/fmdelpueblo.ar\/?p=50818","title":{"rendered":"Volkswagen llam\u00f3 a revisi\u00f3n en Argentina a m\u00e1s de 20.000 unidades de sus modelos m\u00e1s vendidos: cu\u00e1l es la falla y qu\u00e9 hacer"},"content":{"rendered":"<p>Afecta a cinco modelos populares correspondientes a las l\u00edneas 2025 y 2026.C\u00f3mo detectar los veh\u00edculos afectados. <\/p>","protected":false},"excerpt":{"rendered":"<p>Afecta a cinco modelos populares correspondientes a las l\u00edneas 2025 y 2026.C\u00f3mo detectar los veh\u00edculos afectados.<\/p>\n","protected":false},"author":0,"featured_media":0,"comment_status":"","ping_status":"","sticky":false,"template":"","format":"standard","meta":{"footnotes":""},"categories":[1],"tags":[],"class_list":["post-50818","post","type-post","status-publish","format-standard","has-post-thumbnail","hentry","category-sin-categoria"],"_links":{"self":[{"href":"https:\/\/fmdelpueblo.ar\/index.php?rest_route=\/wp\/v2\/posts\/50818","targetHints":{"allow":["GET"]}}],"collection":[{"href":"https:\/\/fmdelpueblo.ar\/index.php?rest_route=\/wp\/v2\/posts"}],"about":[{"href":"https:\/\/fmdelpueblo.ar\/index.php?rest_route=\/wp\/v2\/types\/post"}],"replies":[{"embeddable":true,"href":"https:\/\/fmdelpueblo.ar\/index.php?rest_route=%2Fwp%2Fv2%2Fcomments&post=50818"}],"version-history":[{"count":0,"href":"https:\/\/fmdelpueblo.ar\/index.php?rest_route=\/wp\/v2\/posts\/50818\/revisions"}],"wp:attachment":[{"href":"https:\/\/fmdelpueblo.ar\/index.php?rest_route=%2Fwp%2Fv2%2Fmedia&parent=50818"}],"wp:term":[{"taxonomy":"category","embeddable":true,"href":"https:\/\/fmdelpueblo.ar\/index.php?rest_route=%2Fwp%2Fv2%2Fcategories&post=50818"},{"taxonomy":"post_tag","embeddable":true,"href":"https:\/\/fmdelpueblo.ar\/index.php?rest_route=%2Fwp%2Fv2%2Ftags&post=50818"}],"curies":[{"name":"wp","href":"https:\/\/api.w.org\/{rel}","templated":true}]}}