{"id":50814,"date":"2026-09-01T07:08:58","date_gmt":"2026-09-01T10:08:58","guid":{"rendered":"https:\/\/fmdelpueblo.ar\/?p=50814"},"modified":"2026-09-01T07:08:58","modified_gmt":"2026-09-01T10:08:58","slug":"la-historia-de-vir-modica-la-casi-bandana-que-hoy-es-la-coach-vocal-de-popstars-me-tuve-que-reinventar-porque-si-no-el-dolor-era-un-monton","status":"publish","type":"post","link":"https:\/\/fmdelpueblo.ar\/?p=50814","title":{"rendered":"La historia de Vir M\u00f3dica, la \u00abcasi Bandana\u00bb que hoy es la coach vocal de Popstars: \u00abMe tuve que reinventar porque si no el dolor era un mont\u00f3n\u00bb"},"content":{"rendered":"<p>Tras llegar a las etapas decisivas del reality 25 a\u00f1os atr\u00e1s, la cantante construy\u00f3 una s\u00f3lida trayectoria formando a figuras, adem\u00e1s trabajar en obras musicales.C\u00f3mo ve a las concursantes de la actual edici\u00f3n del <em>reality.<\/em>\u00abYo no quer\u00eda ser una popstar, mi sue\u00f1o siempre fue el teatro musical\u00bb, confiesa y rememora los rechazos que m\u00e1s la marcaron.<\/p>","protected":false},"excerpt":{"rendered":"<p>Tras llegar a las etapas decisivas del reality 25 a\u00f1os atr\u00e1s, la cantante construy\u00f3 una s\u00f3lida trayectoria formando a figuras, adem\u00e1s trabajar en obras musicales.C\u00f3mo ve a las concursantes de la actual edici\u00f3n del reality.\u00abYo no quer\u00eda ser una popstar, mi sue\u00f1o siempre fue el teatro musical\u00bb, confiesa y rememora los rechazos que m\u00e1s la [&hellip;]<\/p>\n","protected":false},"author":0,"featured_media":0,"comment_status":"","ping_status":"","sticky":false,"template":"","format":"standard","meta":{"footnotes":""},"categories":[1],"tags":[],"class_list":["post-50814","post","type-post","status-publish","format-standard","has-post-thumbnail","hentry","category-sin-categoria"],"_links":{"self":[{"href":"https:\/\/fmdelpueblo.ar\/index.php?rest_route=\/wp\/v2\/posts\/50814","targetHints":{"allow":["GET"]}}],"collection":[{"href":"https:\/\/fmdelpueblo.ar\/index.php?rest_route=\/wp\/v2\/posts"}],"about":[{"href":"https:\/\/fmdelpueblo.ar\/index.php?rest_route=\/wp\/v2\/types\/post"}],"replies":[{"embeddable":true,"href":"https:\/\/fmdelpueblo.ar\/index.php?rest_route=%2Fwp%2Fv2%2Fcomments&post=50814"}],"version-history":[{"count":0,"href":"https:\/\/fmdelpueblo.ar\/index.php?rest_route=\/wp\/v2\/posts\/50814\/revisions"}],"wp:attachment":[{"href":"https:\/\/fmdelpueblo.ar\/index.php?rest_route=%2Fwp%2Fv2%2Fmedia&parent=50814"}],"wp:term":[{"taxonomy":"category","embeddable":true,"href":"https:\/\/fmdelpueblo.ar\/index.php?rest_route=%2Fwp%2Fv2%2Fcategories&post=50814"},{"taxonomy":"post_tag","embeddable":true,"href":"https:\/\/fmdelpueblo.ar\/index.php?rest_route=%2Fwp%2Fv2%2Ftags&post=50814"}],"curies":[{"name":"wp","href":"https:\/\/api.w.org\/{rel}","templated":true}]}}