{"id":50813,"date":"2026-09-01T07:08:58","date_gmt":"2026-09-01T10:08:58","guid":{"rendered":"https:\/\/fmdelpueblo.ar\/?p=50813"},"modified":"2026-09-01T07:08:58","modified_gmt":"2026-09-01T10:08:58","slug":"que-cupos-de-exportacion-a-la-union-europea-captura-la-argentina","status":"publish","type":"post","link":"https:\/\/fmdelpueblo.ar\/?p=50813","title":{"rendered":"Qu\u00e9 cupos de exportaci\u00f3n a la Uni\u00f3n Europea captura la Argentina"},"content":{"rendered":"<p>A tres meses de la entrada en vigencia del Acuerdo entre el Mercosur y la UE, las exportaciones argentinas muestran una recuperaci\u00f3n significativa. En algunos rubros agroindustriales, Argentina est\u00e1 ocupando r\u00e1pidamente los espacios disponibles.<\/p>","protected":false},"excerpt":{"rendered":"<p>A tres meses de la entrada en vigencia del Acuerdo entre el Mercosur y la UE, las exportaciones argentinas muestran una recuperaci\u00f3n significativa. En algunos rubros agroindustriales, Argentina est\u00e1 ocupando r\u00e1pidamente los espacios disponibles.<\/p>\n","protected":false},"author":0,"featured_media":0,"comment_status":"","ping_status":"","sticky":false,"template":"","format":"standard","meta":{"footnotes":""},"categories":[1],"tags":[],"class_list":["post-50813","post","type-post","status-publish","format-standard","has-post-thumbnail","hentry","category-sin-categoria"],"_links":{"self":[{"href":"https:\/\/fmdelpueblo.ar\/index.php?rest_route=\/wp\/v2\/posts\/50813","targetHints":{"allow":["GET"]}}],"collection":[{"href":"https:\/\/fmdelpueblo.ar\/index.php?rest_route=\/wp\/v2\/posts"}],"about":[{"href":"https:\/\/fmdelpueblo.ar\/index.php?rest_route=\/wp\/v2\/types\/post"}],"replies":[{"embeddable":true,"href":"https:\/\/fmdelpueblo.ar\/index.php?rest_route=%2Fwp%2Fv2%2Fcomments&post=50813"}],"version-history":[{"count":0,"href":"https:\/\/fmdelpueblo.ar\/index.php?rest_route=\/wp\/v2\/posts\/50813\/revisions"}],"wp:attachment":[{"href":"https:\/\/fmdelpueblo.ar\/index.php?rest_route=%2Fwp%2Fv2%2Fmedia&parent=50813"}],"wp:term":[{"taxonomy":"category","embeddable":true,"href":"https:\/\/fmdelpueblo.ar\/index.php?rest_route=%2Fwp%2Fv2%2Fcategories&post=50813"},{"taxonomy":"post_tag","embeddable":true,"href":"https:\/\/fmdelpueblo.ar\/index.php?rest_route=%2Fwp%2Fv2%2Ftags&post=50813"}],"curies":[{"name":"wp","href":"https:\/\/api.w.org\/{rel}","templated":true}]}}