{"id":50812,"date":"2026-09-01T07:08:57","date_gmt":"2026-09-01T10:08:57","guid":{"rendered":"https:\/\/fmdelpueblo.ar\/?p=50812"},"modified":"2026-09-01T07:08:57","modified_gmt":"2026-09-01T10:08:57","slug":"cuando-hay-luna-llena-en-septiembre-de-2026","status":"publish","type":"post","link":"https:\/\/fmdelpueblo.ar\/?p=50812","title":{"rendered":"Cu\u00e1ndo hay luna llena en septiembre de 2026"},"content":{"rendered":"<p>Adem\u00e1s, llegar\u00e1 el equinoccio de primavera para dar comienzo a una nueva estaci\u00f3n.Todos los fen\u00f3menos astron\u00f3micos del mes.<\/p>","protected":false},"excerpt":{"rendered":"<p>Adem\u00e1s, llegar\u00e1 el equinoccio de primavera para dar comienzo a una nueva estaci\u00f3n.Todos los fen\u00f3menos astron\u00f3micos del mes.<\/p>\n","protected":false},"author":0,"featured_media":0,"comment_status":"","ping_status":"","sticky":false,"template":"","format":"standard","meta":{"footnotes":""},"categories":[1],"tags":[],"class_list":["post-50812","post","type-post","status-publish","format-standard","has-post-thumbnail","hentry","category-sin-categoria"],"_links":{"self":[{"href":"https:\/\/fmdelpueblo.ar\/index.php?rest_route=\/wp\/v2\/posts\/50812","targetHints":{"allow":["GET"]}}],"collection":[{"href":"https:\/\/fmdelpueblo.ar\/index.php?rest_route=\/wp\/v2\/posts"}],"about":[{"href":"https:\/\/fmdelpueblo.ar\/index.php?rest_route=\/wp\/v2\/types\/post"}],"replies":[{"embeddable":true,"href":"https:\/\/fmdelpueblo.ar\/index.php?rest_route=%2Fwp%2Fv2%2Fcomments&post=50812"}],"version-history":[{"count":0,"href":"https:\/\/fmdelpueblo.ar\/index.php?rest_route=\/wp\/v2\/posts\/50812\/revisions"}],"wp:attachment":[{"href":"https:\/\/fmdelpueblo.ar\/index.php?rest_route=%2Fwp%2Fv2%2Fmedia&parent=50812"}],"wp:term":[{"taxonomy":"category","embeddable":true,"href":"https:\/\/fmdelpueblo.ar\/index.php?rest_route=%2Fwp%2Fv2%2Fcategories&post=50812"},{"taxonomy":"post_tag","embeddable":true,"href":"https:\/\/fmdelpueblo.ar\/index.php?rest_route=%2Fwp%2Fv2%2Ftags&post=50812"}],"curies":[{"name":"wp","href":"https:\/\/api.w.org\/{rel}","templated":true}]}}