{"id":50810,"date":"2026-09-01T07:08:56","date_gmt":"2026-09-01T10:08:56","guid":{"rendered":"https:\/\/fmdelpueblo.ar\/?p=50810"},"modified":"2026-09-01T07:08:56","modified_gmt":"2026-09-01T10:08:56","slug":"roberto-jubilado-me-diagnosticaron-un-cancer-y-de-un-dia-para-otro-decidi-dejar-de-trabajar-me-compre-este-barco-por-85-000-euros","status":"publish","type":"post","link":"https:\/\/fmdelpueblo.ar\/?p=50810","title":{"rendered":"Roberto, jubilado: \u00abMe diagnosticaron un c\u00e1ncer y, de un d\u00eda para otro, decid\u00ed dejar de trabajar. Me compr\u00e9 este barco por 85.000 euros\u00bb"},"content":{"rendered":"<p>Un problema de salud llev\u00f3 a este gallego de 66 a\u00f1os a replantearse por completo c\u00f3mo quer\u00eda vivir.Despu\u00e9s del retiro, tom\u00f3 una decisi\u00f3n que ven\u00eda imaginando desde hac\u00eda tiempo.<\/p>","protected":false},"excerpt":{"rendered":"<p>Un problema de salud llev\u00f3 a este gallego de 66 a\u00f1os a replantearse por completo c\u00f3mo quer\u00eda vivir.Despu\u00e9s del retiro, tom\u00f3 una decisi\u00f3n que ven\u00eda imaginando desde hac\u00eda tiempo.<\/p>\n","protected":false},"author":0,"featured_media":0,"comment_status":"","ping_status":"","sticky":false,"template":"","format":"standard","meta":{"footnotes":""},"categories":[1],"tags":[],"class_list":["post-50810","post","type-post","status-publish","format-standard","has-post-thumbnail","hentry","category-sin-categoria"],"_links":{"self":[{"href":"https:\/\/fmdelpueblo.ar\/index.php?rest_route=\/wp\/v2\/posts\/50810","targetHints":{"allow":["GET"]}}],"collection":[{"href":"https:\/\/fmdelpueblo.ar\/index.php?rest_route=\/wp\/v2\/posts"}],"about":[{"href":"https:\/\/fmdelpueblo.ar\/index.php?rest_route=\/wp\/v2\/types\/post"}],"replies":[{"embeddable":true,"href":"https:\/\/fmdelpueblo.ar\/index.php?rest_route=%2Fwp%2Fv2%2Fcomments&post=50810"}],"version-history":[{"count":0,"href":"https:\/\/fmdelpueblo.ar\/index.php?rest_route=\/wp\/v2\/posts\/50810\/revisions"}],"wp:attachment":[{"href":"https:\/\/fmdelpueblo.ar\/index.php?rest_route=%2Fwp%2Fv2%2Fmedia&parent=50810"}],"wp:term":[{"taxonomy":"category","embeddable":true,"href":"https:\/\/fmdelpueblo.ar\/index.php?rest_route=%2Fwp%2Fv2%2Fcategories&post=50810"},{"taxonomy":"post_tag","embeddable":true,"href":"https:\/\/fmdelpueblo.ar\/index.php?rest_route=%2Fwp%2Fv2%2Ftags&post=50810"}],"curies":[{"name":"wp","href":"https:\/\/api.w.org\/{rel}","templated":true}]}}