{"id":50808,"date":"2026-09-01T06:09:08","date_gmt":"2026-09-01T09:09:08","guid":{"rendered":"http:\/\/fmdelpueblo.ar\/?p=50808"},"modified":"2026-09-01T06:09:08","modified_gmt":"2026-09-01T09:09:08","slug":"peppa-pig-hay-cientos-de-personajes-preescolares-demasiado-perfectos-que-no-han-perdurado-peppa-es-una-nina-real-de-4-anos-que-aprende-a-comportarse-mejor-al-final-de-cada-episodio","status":"publish","type":"post","link":"https:\/\/fmdelpueblo.ar\/?p=50808","title":{"rendered":"Peppa Pig: \u201cHay cientos de personajes preescolares demasiado perfectos que no han perdurado; Peppa es una ni\u00f1a real de 4 a\u00f1os que aprende a comportarse mejor al final de cada episodio\u201d, dice su nuevo showrunner"},"content":{"rendered":"<p>Adam Redfern est\u00e1 a cargo de la conducci\u00f3n creativa de una de las series infantiles m\u00e1s exitosas del mundo. Antes del estreno de la 11\u00b0 temporada previsto para el 7 de septiembre, explica c\u00f3mo renovar una marca que lleva m\u00e1s de dos d\u00e9cadas al aire.Por qu\u00e9 decidieron abordar la p\u00e9rdida auditiva de George y c\u00f3mo la llegada de la peque\u00f1a Evie cambi\u00f3 la din\u00e1mica familiar.<\/p>","protected":false},"excerpt":{"rendered":"<p>Adam Redfern est\u00e1 a cargo de la conducci\u00f3n creativa de una de las series infantiles m\u00e1s exitosas del mundo. Antes del estreno de la 11\u00b0 temporada previsto para el 7 de septiembre, explica c\u00f3mo renovar una marca que lleva m\u00e1s de dos d\u00e9cadas al aire.Por qu\u00e9 decidieron abordar la p\u00e9rdida auditiva de George y c\u00f3mo [&hellip;]<\/p>\n","protected":false},"author":0,"featured_media":0,"comment_status":"","ping_status":"","sticky":false,"template":"","format":"standard","meta":{"footnotes":""},"categories":[1],"tags":[],"class_list":["post-50808","post","type-post","status-publish","format-standard","has-post-thumbnail","hentry","category-sin-categoria"],"_links":{"self":[{"href":"https:\/\/fmdelpueblo.ar\/index.php?rest_route=\/wp\/v2\/posts\/50808","targetHints":{"allow":["GET"]}}],"collection":[{"href":"https:\/\/fmdelpueblo.ar\/index.php?rest_route=\/wp\/v2\/posts"}],"about":[{"href":"https:\/\/fmdelpueblo.ar\/index.php?rest_route=\/wp\/v2\/types\/post"}],"replies":[{"embeddable":true,"href":"https:\/\/fmdelpueblo.ar\/index.php?rest_route=%2Fwp%2Fv2%2Fcomments&post=50808"}],"version-history":[{"count":0,"href":"https:\/\/fmdelpueblo.ar\/index.php?rest_route=\/wp\/v2\/posts\/50808\/revisions"}],"wp:attachment":[{"href":"https:\/\/fmdelpueblo.ar\/index.php?rest_route=%2Fwp%2Fv2%2Fmedia&parent=50808"}],"wp:term":[{"taxonomy":"category","embeddable":true,"href":"https:\/\/fmdelpueblo.ar\/index.php?rest_route=%2Fwp%2Fv2%2Fcategories&post=50808"},{"taxonomy":"post_tag","embeddable":true,"href":"https:\/\/fmdelpueblo.ar\/index.php?rest_route=%2Fwp%2Fv2%2Ftags&post=50808"}],"curies":[{"name":"wp","href":"https:\/\/api.w.org\/{rel}","templated":true}]}}