{"id":50806,"date":"2026-09-01T06:09:07","date_gmt":"2026-09-01T09:09:07","guid":{"rendered":"http:\/\/fmdelpueblo.ar\/?p=50806"},"modified":"2026-09-01T06:09:07","modified_gmt":"2026-09-01T09:09:07","slug":"tengo-39-anos-y-acabo-de-darme-cuenta-de-que-he-pasado-una-decada-esperando-que-la-amistad-me-llegara-de-la-misma-manera-que-a-los-22-cuando-todas-las-amistades-adultas-que-aun-conservo-fueron-prog","status":"publish","type":"post","link":"https:\/\/fmdelpueblo.ar\/?p=50806","title":{"rendered":"\u00abTengo 39 a\u00f1os y acabo de darme cuenta de que he pasado una d\u00e9cada esperando que la amistad me llegara de la misma manera que a los 22, cuando todas las amistades adultas que a\u00fan conservo fueron programadas por alguien\u00bb"},"content":{"rendered":"<p>Una mujer analiz\u00f3 el paso del tiempo y c\u00f3mo los v\u00ednculos de la juventud se apagaron casi sin darse cuenta.El valor de tomar la iniciativa para sostener las relaciones en la adultez.<\/p>","protected":false},"excerpt":{"rendered":"<p>Una mujer analiz\u00f3 el paso del tiempo y c\u00f3mo los v\u00ednculos de la juventud se apagaron casi sin darse cuenta.El valor de tomar la iniciativa para sostener las relaciones en la adultez.<\/p>\n","protected":false},"author":0,"featured_media":0,"comment_status":"","ping_status":"","sticky":false,"template":"","format":"standard","meta":{"footnotes":""},"categories":[1],"tags":[],"class_list":["post-50806","post","type-post","status-publish","format-standard","has-post-thumbnail","hentry","category-sin-categoria"],"_links":{"self":[{"href":"https:\/\/fmdelpueblo.ar\/index.php?rest_route=\/wp\/v2\/posts\/50806","targetHints":{"allow":["GET"]}}],"collection":[{"href":"https:\/\/fmdelpueblo.ar\/index.php?rest_route=\/wp\/v2\/posts"}],"about":[{"href":"https:\/\/fmdelpueblo.ar\/index.php?rest_route=\/wp\/v2\/types\/post"}],"replies":[{"embeddable":true,"href":"https:\/\/fmdelpueblo.ar\/index.php?rest_route=%2Fwp%2Fv2%2Fcomments&post=50806"}],"version-history":[{"count":0,"href":"https:\/\/fmdelpueblo.ar\/index.php?rest_route=\/wp\/v2\/posts\/50806\/revisions"}],"wp:attachment":[{"href":"https:\/\/fmdelpueblo.ar\/index.php?rest_route=%2Fwp%2Fv2%2Fmedia&parent=50806"}],"wp:term":[{"taxonomy":"category","embeddable":true,"href":"https:\/\/fmdelpueblo.ar\/index.php?rest_route=%2Fwp%2Fv2%2Fcategories&post=50806"},{"taxonomy":"post_tag","embeddable":true,"href":"https:\/\/fmdelpueblo.ar\/index.php?rest_route=%2Fwp%2Fv2%2Ftags&post=50806"}],"curies":[{"name":"wp","href":"https:\/\/api.w.org\/{rel}","templated":true}]}}