{"id":50805,"date":"2026-09-01T06:09:06","date_gmt":"2026-09-01T09:09:06","guid":{"rendered":"http:\/\/fmdelpueblo.ar\/?p=50805"},"modified":"2026-09-01T06:09:06","modified_gmt":"2026-09-01T09:09:06","slug":"independiente-y-racing-una-calle-los-separa-los-une-el-espanto-entrenadores-cuestionados-dirigencias-en-la-mira-y-cada-vez-mas-lejos-del-lugar-de-tercer-grande","status":"publish","type":"post","link":"https:\/\/fmdelpueblo.ar\/?p=50805","title":{"rendered":"Independiente y Racing, una calle los separa, los une el espanto: entrenadores cuestionados, dirigencias en la mira y cada vez m\u00e1s lejos del lugar de \u00abtercer grande\u00bb"},"content":{"rendered":"<p>Este fin de semana, los equipos de Avellaneda fueron vapuleados por los mendocinos y profundizaron sus crisis.Est\u00e1n fuera de las copas y las internas pol\u00edticas empeoran el clima. El Rojo atraviesa un a\u00f1o electoral. En La Academia, en cambio, Milito tiene dos a\u00f1os m\u00e1s.<\/p>","protected":false},"excerpt":{"rendered":"<p>Este fin de semana, los equipos de Avellaneda fueron vapuleados por los mendocinos y profundizaron sus crisis.Est\u00e1n fuera de las copas y las internas pol\u00edticas empeoran el clima. El Rojo atraviesa un a\u00f1o electoral. En La Academia, en cambio, Milito tiene dos a\u00f1os m\u00e1s.<\/p>\n","protected":false},"author":0,"featured_media":0,"comment_status":"","ping_status":"","sticky":false,"template":"","format":"standard","meta":{"footnotes":""},"categories":[1],"tags":[],"class_list":["post-50805","post","type-post","status-publish","format-standard","has-post-thumbnail","hentry","category-sin-categoria"],"_links":{"self":[{"href":"https:\/\/fmdelpueblo.ar\/index.php?rest_route=\/wp\/v2\/posts\/50805","targetHints":{"allow":["GET"]}}],"collection":[{"href":"https:\/\/fmdelpueblo.ar\/index.php?rest_route=\/wp\/v2\/posts"}],"about":[{"href":"https:\/\/fmdelpueblo.ar\/index.php?rest_route=\/wp\/v2\/types\/post"}],"replies":[{"embeddable":true,"href":"https:\/\/fmdelpueblo.ar\/index.php?rest_route=%2Fwp%2Fv2%2Fcomments&post=50805"}],"version-history":[{"count":0,"href":"https:\/\/fmdelpueblo.ar\/index.php?rest_route=\/wp\/v2\/posts\/50805\/revisions"}],"wp:attachment":[{"href":"https:\/\/fmdelpueblo.ar\/index.php?rest_route=%2Fwp%2Fv2%2Fmedia&parent=50805"}],"wp:term":[{"taxonomy":"category","embeddable":true,"href":"https:\/\/fmdelpueblo.ar\/index.php?rest_route=%2Fwp%2Fv2%2Fcategories&post=50805"},{"taxonomy":"post_tag","embeddable":true,"href":"https:\/\/fmdelpueblo.ar\/index.php?rest_route=%2Fwp%2Fv2%2Ftags&post=50805"}],"curies":[{"name":"wp","href":"https:\/\/api.w.org\/{rel}","templated":true}]}}