{"id":50799,"date":"2026-09-01T04:09:06","date_gmt":"2026-09-01T07:09:06","guid":{"rendered":"https:\/\/fmdelpueblo.ar\/?p=50799"},"modified":"2026-09-01T04:09:06","modified_gmt":"2026-09-01T07:09:06","slug":"ataque-en-times-square-armada-con-dos-cuchillos-mato-a-una-persona-hirio-a-otra-y-fue-abatida-por-la-policia","status":"publish","type":"post","link":"https:\/\/fmdelpueblo.ar\/?p=50799","title":{"rendered":"Ataque en Times Square: armada con dos cuchillos, mat\u00f3 a una persona, hiri\u00f3 a otra y fue abatida por la Polic\u00eda"},"content":{"rendered":"<p>Las autoridades identificaron a la sospechosa como una mujer de 49 a\u00f1os con antecedentes de problemas de salud mental en Nueva York. Los agentes intentaron reducirla durante varios minutos con \u00f3rdenes verbales y una pistola el\u00e9ctrica, antes de abrir fuego.<\/p>","protected":false},"excerpt":{"rendered":"<p>Las autoridades identificaron a la sospechosa como una mujer de 49 a\u00f1os con antecedentes de problemas de salud mental en Nueva York. Los agentes intentaron reducirla durante varios minutos con \u00f3rdenes verbales y una pistola el\u00e9ctrica, antes de abrir fuego.<\/p>\n","protected":false},"author":0,"featured_media":0,"comment_status":"","ping_status":"","sticky":false,"template":"","format":"standard","meta":{"footnotes":""},"categories":[1],"tags":[],"class_list":["post-50799","post","type-post","status-publish","format-standard","has-post-thumbnail","hentry","category-sin-categoria"],"_links":{"self":[{"href":"https:\/\/fmdelpueblo.ar\/index.php?rest_route=\/wp\/v2\/posts\/50799","targetHints":{"allow":["GET"]}}],"collection":[{"href":"https:\/\/fmdelpueblo.ar\/index.php?rest_route=\/wp\/v2\/posts"}],"about":[{"href":"https:\/\/fmdelpueblo.ar\/index.php?rest_route=\/wp\/v2\/types\/post"}],"replies":[{"embeddable":true,"href":"https:\/\/fmdelpueblo.ar\/index.php?rest_route=%2Fwp%2Fv2%2Fcomments&post=50799"}],"version-history":[{"count":0,"href":"https:\/\/fmdelpueblo.ar\/index.php?rest_route=\/wp\/v2\/posts\/50799\/revisions"}],"wp:attachment":[{"href":"https:\/\/fmdelpueblo.ar\/index.php?rest_route=%2Fwp%2Fv2%2Fmedia&parent=50799"}],"wp:term":[{"taxonomy":"category","embeddable":true,"href":"https:\/\/fmdelpueblo.ar\/index.php?rest_route=%2Fwp%2Fv2%2Fcategories&post=50799"},{"taxonomy":"post_tag","embeddable":true,"href":"https:\/\/fmdelpueblo.ar\/index.php?rest_route=%2Fwp%2Fv2%2Ftags&post=50799"}],"curies":[{"name":"wp","href":"https:\/\/api.w.org\/{rel}","templated":true}]}}