{"id":50798,"date":"2026-09-01T04:09:06","date_gmt":"2026-09-01T07:09:06","guid":{"rendered":"https:\/\/fmdelpueblo.ar\/?p=50798"},"modified":"2026-09-01T04:09:06","modified_gmt":"2026-09-01T07:09:06","slug":"no-llore-en-el-funeral-de-mi-padre-llore-un-mes-despues-cuando-marque-su-numero-por-costumbre-y-lo-deje-sonar-y-sonar-porque-el-timbre-se-parecia-mas-a-su-voz-que-cualquier-otra-cosa-que-me-queda","status":"publish","type":"post","link":"https:\/\/fmdelpueblo.ar\/?p=50798","title":{"rendered":"\u00abNo llor\u00e9 en el funeral de mi padre; llor\u00e9 un mes despu\u00e9s, cuando marqu\u00e9 su n\u00famero por costumbre y lo dej\u00e9 sonar y sonar, porque el timbre se parec\u00eda m\u00e1s a su voz que cualquier otra cosa que me quedara\u00bb"},"content":{"rendered":"<p>La reacci\u00f3n ante la muerte lleg\u00f3 semanas despu\u00e9s, en medio de una situaci\u00f3n dom\u00e9stica.Un llamado realizado por costumbre termin\u00f3 convirti\u00e9ndose en el momento en que la ausencia se volvi\u00f3 real.<\/p>","protected":false},"excerpt":{"rendered":"<p>La reacci\u00f3n ante la muerte lleg\u00f3 semanas despu\u00e9s, en medio de una situaci\u00f3n dom\u00e9stica.Un llamado realizado por costumbre termin\u00f3 convirti\u00e9ndose en el momento en que la ausencia se volvi\u00f3 real.<\/p>\n","protected":false},"author":0,"featured_media":0,"comment_status":"","ping_status":"","sticky":false,"template":"","format":"standard","meta":{"footnotes":""},"categories":[1],"tags":[],"class_list":["post-50798","post","type-post","status-publish","format-standard","has-post-thumbnail","hentry","category-sin-categoria"],"_links":{"self":[{"href":"https:\/\/fmdelpueblo.ar\/index.php?rest_route=\/wp\/v2\/posts\/50798","targetHints":{"allow":["GET"]}}],"collection":[{"href":"https:\/\/fmdelpueblo.ar\/index.php?rest_route=\/wp\/v2\/posts"}],"about":[{"href":"https:\/\/fmdelpueblo.ar\/index.php?rest_route=\/wp\/v2\/types\/post"}],"replies":[{"embeddable":true,"href":"https:\/\/fmdelpueblo.ar\/index.php?rest_route=%2Fwp%2Fv2%2Fcomments&post=50798"}],"version-history":[{"count":0,"href":"https:\/\/fmdelpueblo.ar\/index.php?rest_route=\/wp\/v2\/posts\/50798\/revisions"}],"wp:attachment":[{"href":"https:\/\/fmdelpueblo.ar\/index.php?rest_route=%2Fwp%2Fv2%2Fmedia&parent=50798"}],"wp:term":[{"taxonomy":"category","embeddable":true,"href":"https:\/\/fmdelpueblo.ar\/index.php?rest_route=%2Fwp%2Fv2%2Fcategories&post=50798"},{"taxonomy":"post_tag","embeddable":true,"href":"https:\/\/fmdelpueblo.ar\/index.php?rest_route=%2Fwp%2Fv2%2Ftags&post=50798"}],"curies":[{"name":"wp","href":"https:\/\/api.w.org\/{rel}","templated":true}]}}