{"id":50608,"date":"2026-08-31T04:08:56","date_gmt":"2026-08-31T07:08:56","guid":{"rendered":"http:\/\/fmdelpueblo.ar\/?p=50608"},"modified":"2026-08-31T04:08:56","modified_gmt":"2026-08-31T07:08:56","slug":"bessent-tratara-de-defender-medidas-economicas-de-eeuu-en-reunion-del-g20","status":"publish","type":"post","link":"https:\/\/fmdelpueblo.ar\/?p=50608","title":{"rendered":"Bessent tratar\u00e1 de defender medidas econ\u00f3micas de EEUU en reuni\u00f3n del G20"},"content":{"rendered":"<p>El secretario del Tesoro busca apoyo del G20 para enfrentar tensiones globales, mientras EE.UU. lidia con aranceles y conflicto con Ir\u00e1n.Bessent destaca la reconstrucci\u00f3n de Asheville como s\u00edmbolo de resiliencia, en medio de desaf\u00edos econ\u00f3micos y diplom\u00e1ticos internacionales.<\/p>","protected":false},"excerpt":{"rendered":"<p>El secretario del Tesoro busca apoyo del G20 para enfrentar tensiones globales, mientras EE.UU. lidia con aranceles y conflicto con Ir\u00e1n.Bessent destaca la reconstrucci\u00f3n de Asheville como s\u00edmbolo de resiliencia, en medio de desaf\u00edos econ\u00f3micos y diplom\u00e1ticos internacionales.<\/p>\n","protected":false},"author":0,"featured_media":0,"comment_status":"","ping_status":"","sticky":false,"template":"","format":"standard","meta":{"footnotes":""},"categories":[1],"tags":[],"class_list":["post-50608","post","type-post","status-publish","format-standard","has-post-thumbnail","hentry","category-sin-categoria"],"_links":{"self":[{"href":"https:\/\/fmdelpueblo.ar\/index.php?rest_route=\/wp\/v2\/posts\/50608","targetHints":{"allow":["GET"]}}],"collection":[{"href":"https:\/\/fmdelpueblo.ar\/index.php?rest_route=\/wp\/v2\/posts"}],"about":[{"href":"https:\/\/fmdelpueblo.ar\/index.php?rest_route=\/wp\/v2\/types\/post"}],"replies":[{"embeddable":true,"href":"https:\/\/fmdelpueblo.ar\/index.php?rest_route=%2Fwp%2Fv2%2Fcomments&post=50608"}],"version-history":[{"count":0,"href":"https:\/\/fmdelpueblo.ar\/index.php?rest_route=\/wp\/v2\/posts\/50608\/revisions"}],"wp:attachment":[{"href":"https:\/\/fmdelpueblo.ar\/index.php?rest_route=%2Fwp%2Fv2%2Fmedia&parent=50608"}],"wp:term":[{"taxonomy":"category","embeddable":true,"href":"https:\/\/fmdelpueblo.ar\/index.php?rest_route=%2Fwp%2Fv2%2Fcategories&post=50608"},{"taxonomy":"post_tag","embeddable":true,"href":"https:\/\/fmdelpueblo.ar\/index.php?rest_route=%2Fwp%2Fv2%2Ftags&post=50608"}],"curies":[{"name":"wp","href":"https:\/\/api.w.org\/{rel}","templated":true}]}}