{"id":50607,"date":"2026-08-31T04:08:56","date_gmt":"2026-08-31T07:08:56","guid":{"rendered":"http:\/\/fmdelpueblo.ar\/?p=50607"},"modified":"2026-08-31T04:08:56","modified_gmt":"2026-08-31T07:08:56","slug":"quim-gutierrez-vive-alejado-de-la-ciudad-y-de-los-focos-asi-es-su-vida-en-el-monte","status":"publish","type":"post","link":"https:\/\/fmdelpueblo.ar\/?p=50607","title":{"rendered":"Quim Guti\u00e9rrez vive alejado de la ciudad y de los focos: as\u00ed es su vida en el monte"},"content":{"rendered":"<p>El actor dej\u00f3 atr\u00e1s la vida cotidiana en Madrid junto a Paula Willems y sus hijos.En el campo encontr\u00f3 privacidad, aislamiento y una relaci\u00f3n distinta con las personas que lo rodean.<\/p>","protected":false},"excerpt":{"rendered":"<p>El actor dej\u00f3 atr\u00e1s la vida cotidiana en Madrid junto a Paula Willems y sus hijos.En el campo encontr\u00f3 privacidad, aislamiento y una relaci\u00f3n distinta con las personas que lo rodean.<\/p>\n","protected":false},"author":0,"featured_media":0,"comment_status":"","ping_status":"","sticky":false,"template":"","format":"standard","meta":{"footnotes":""},"categories":[1],"tags":[],"class_list":["post-50607","post","type-post","status-publish","format-standard","has-post-thumbnail","hentry","category-sin-categoria"],"_links":{"self":[{"href":"https:\/\/fmdelpueblo.ar\/index.php?rest_route=\/wp\/v2\/posts\/50607","targetHints":{"allow":["GET"]}}],"collection":[{"href":"https:\/\/fmdelpueblo.ar\/index.php?rest_route=\/wp\/v2\/posts"}],"about":[{"href":"https:\/\/fmdelpueblo.ar\/index.php?rest_route=\/wp\/v2\/types\/post"}],"replies":[{"embeddable":true,"href":"https:\/\/fmdelpueblo.ar\/index.php?rest_route=%2Fwp%2Fv2%2Fcomments&post=50607"}],"version-history":[{"count":0,"href":"https:\/\/fmdelpueblo.ar\/index.php?rest_route=\/wp\/v2\/posts\/50607\/revisions"}],"wp:attachment":[{"href":"https:\/\/fmdelpueblo.ar\/index.php?rest_route=%2Fwp%2Fv2%2Fmedia&parent=50607"}],"wp:term":[{"taxonomy":"category","embeddable":true,"href":"https:\/\/fmdelpueblo.ar\/index.php?rest_route=%2Fwp%2Fv2%2Fcategories&post=50607"},{"taxonomy":"post_tag","embeddable":true,"href":"https:\/\/fmdelpueblo.ar\/index.php?rest_route=%2Fwp%2Fv2%2Ftags&post=50607"}],"curies":[{"name":"wp","href":"https:\/\/api.w.org\/{rel}","templated":true}]}}