{"id":50605,"date":"2026-08-31T04:08:54","date_gmt":"2026-08-31T07:08:54","guid":{"rendered":"http:\/\/fmdelpueblo.ar\/?p=50605"},"modified":"2026-08-31T04:08:54","modified_gmt":"2026-08-31T07:08:54","slug":"jubilados-y-pensionados-el-gobierno-confirmo-un-bono-de-hasta-70-000-para-septiembre","status":"publish","type":"post","link":"https:\/\/fmdelpueblo.ar\/?p=50605","title":{"rendered":"Jubilados y pensionados: el Gobierno confirm\u00f3 un bono de hasta $70.000 para septiembre"},"content":{"rendered":"<p>La decisi\u00f3n fue oficializada mediante el Decreto 824\/2026, publicado en el Bolet\u00edn de este lunes. El beneficio se abonar\u00e1 junto con el aumento del 2,1% previsto para septiembre y estar\u00e1 destinado a quienes perciben haberes previsionales m\u00e1s bajos.<\/p>","protected":false},"excerpt":{"rendered":"<p>La decisi\u00f3n fue oficializada mediante el Decreto 824\/2026, publicado en el Bolet\u00edn de este lunes. El beneficio se abonar\u00e1 junto con el aumento del 2,1% previsto para septiembre y estar\u00e1 destinado a quienes perciben haberes previsionales m\u00e1s bajos.<\/p>\n","protected":false},"author":0,"featured_media":0,"comment_status":"","ping_status":"","sticky":false,"template":"","format":"standard","meta":{"footnotes":""},"categories":[1],"tags":[],"class_list":["post-50605","post","type-post","status-publish","format-standard","has-post-thumbnail","hentry","category-sin-categoria"],"_links":{"self":[{"href":"https:\/\/fmdelpueblo.ar\/index.php?rest_route=\/wp\/v2\/posts\/50605","targetHints":{"allow":["GET"]}}],"collection":[{"href":"https:\/\/fmdelpueblo.ar\/index.php?rest_route=\/wp\/v2\/posts"}],"about":[{"href":"https:\/\/fmdelpueblo.ar\/index.php?rest_route=\/wp\/v2\/types\/post"}],"replies":[{"embeddable":true,"href":"https:\/\/fmdelpueblo.ar\/index.php?rest_route=%2Fwp%2Fv2%2Fcomments&post=50605"}],"version-history":[{"count":0,"href":"https:\/\/fmdelpueblo.ar\/index.php?rest_route=\/wp\/v2\/posts\/50605\/revisions"}],"wp:attachment":[{"href":"https:\/\/fmdelpueblo.ar\/index.php?rest_route=%2Fwp%2Fv2%2Fmedia&parent=50605"}],"wp:term":[{"taxonomy":"category","embeddable":true,"href":"https:\/\/fmdelpueblo.ar\/index.php?rest_route=%2Fwp%2Fv2%2Fcategories&post=50605"},{"taxonomy":"post_tag","embeddable":true,"href":"https:\/\/fmdelpueblo.ar\/index.php?rest_route=%2Fwp%2Fv2%2Ftags&post=50605"}],"curies":[{"name":"wp","href":"https:\/\/api.w.org\/{rel}","templated":true}]}}