{"id":50595,"date":"2026-08-31T03:09:03","date_gmt":"2026-08-31T06:09:03","guid":{"rendered":"https:\/\/fmdelpueblo.ar\/?p=50595"},"modified":"2026-08-31T03:09:03","modified_gmt":"2026-08-31T06:09:03","slug":"fernando-alonso-bicampeon-de-la-formula-1-el-momento-en-que-tenga-que-dejar-de-correr-sera-una-decision-muy-dura-y-dificil-de-aceptar","status":"publish","type":"post","link":"https:\/\/fmdelpueblo.ar\/?p=50595","title":{"rendered":"Fernando Alonso, bicampe\u00f3n de la F\u00f3rmula 1: \u00abEl momento en que tenga que dejar de correr ser\u00e1 una decisi\u00f3n muy dura y dif\u00edcil de aceptar\u00bb"},"content":{"rendered":"<p>El piloto espa\u00f1ol tiene actualmente 45 a\u00f1os y contin\u00faa compitiendo en la m\u00e1xima categor\u00eda del automovilismo.A pesar de haber sido recientemente padre, ha dejado en claro que todav\u00eda no siente que haya llegado el momento de retirarse.<\/p>","protected":false},"excerpt":{"rendered":"<p>El piloto espa\u00f1ol tiene actualmente 45 a\u00f1os y contin\u00faa compitiendo en la m\u00e1xima categor\u00eda del automovilismo.A pesar de haber sido recientemente padre, ha dejado en claro que todav\u00eda no siente que haya llegado el momento de retirarse.<\/p>\n","protected":false},"author":0,"featured_media":0,"comment_status":"","ping_status":"","sticky":false,"template":"","format":"standard","meta":{"footnotes":""},"categories":[1],"tags":[],"class_list":["post-50595","post","type-post","status-publish","format-standard","has-post-thumbnail","hentry","category-sin-categoria"],"_links":{"self":[{"href":"https:\/\/fmdelpueblo.ar\/index.php?rest_route=\/wp\/v2\/posts\/50595","targetHints":{"allow":["GET"]}}],"collection":[{"href":"https:\/\/fmdelpueblo.ar\/index.php?rest_route=\/wp\/v2\/posts"}],"about":[{"href":"https:\/\/fmdelpueblo.ar\/index.php?rest_route=\/wp\/v2\/types\/post"}],"replies":[{"embeddable":true,"href":"https:\/\/fmdelpueblo.ar\/index.php?rest_route=%2Fwp%2Fv2%2Fcomments&post=50595"}],"version-history":[{"count":0,"href":"https:\/\/fmdelpueblo.ar\/index.php?rest_route=\/wp\/v2\/posts\/50595\/revisions"}],"wp:attachment":[{"href":"https:\/\/fmdelpueblo.ar\/index.php?rest_route=%2Fwp%2Fv2%2Fmedia&parent=50595"}],"wp:term":[{"taxonomy":"category","embeddable":true,"href":"https:\/\/fmdelpueblo.ar\/index.php?rest_route=%2Fwp%2Fv2%2Fcategories&post=50595"},{"taxonomy":"post_tag","embeddable":true,"href":"https:\/\/fmdelpueblo.ar\/index.php?rest_route=%2Fwp%2Fv2%2Ftags&post=50595"}],"curies":[{"name":"wp","href":"https:\/\/api.w.org\/{rel}","templated":true}]}}