{"id":50583,"date":"2026-08-31T01:09:05","date_gmt":"2026-08-31T04:09:05","guid":{"rendered":"http:\/\/fmdelpueblo.ar\/?p=50583"},"modified":"2026-08-31T01:09:05","modified_gmt":"2026-08-31T04:09:05","slug":"el-huracan-karina-alcanza-la-categoria-3-en-el-pacifico-y-podria-crecer-mas-en-un-corto-plazo","status":"publish","type":"post","link":"https:\/\/fmdelpueblo.ar\/?p=50583","title":{"rendered":"El hurac\u00e1n Karina alcanza la categor\u00eda 3 en el Pac\u00edfico y podr\u00eda crecer m\u00e1s en un corto plazo"},"content":{"rendered":"<p>El fen\u00f3meno registra vientos m\u00e1ximos sostenidos de 205 kil\u00f3metros por hora.Aunque se esperaba que se mantenga lejos de tierra, el oleaje de la tormenta probablemente provocar\u00e1 condiciones peligrosas.<\/p>","protected":false},"excerpt":{"rendered":"<p>El fen\u00f3meno registra vientos m\u00e1ximos sostenidos de 205 kil\u00f3metros por hora.Aunque se esperaba que se mantenga lejos de tierra, el oleaje de la tormenta probablemente provocar\u00e1 condiciones peligrosas.<\/p>\n","protected":false},"author":0,"featured_media":0,"comment_status":"","ping_status":"","sticky":false,"template":"","format":"standard","meta":{"footnotes":""},"categories":[1],"tags":[],"class_list":["post-50583","post","type-post","status-publish","format-standard","has-post-thumbnail","hentry","category-sin-categoria"],"_links":{"self":[{"href":"https:\/\/fmdelpueblo.ar\/index.php?rest_route=\/wp\/v2\/posts\/50583","targetHints":{"allow":["GET"]}}],"collection":[{"href":"https:\/\/fmdelpueblo.ar\/index.php?rest_route=\/wp\/v2\/posts"}],"about":[{"href":"https:\/\/fmdelpueblo.ar\/index.php?rest_route=\/wp\/v2\/types\/post"}],"replies":[{"embeddable":true,"href":"https:\/\/fmdelpueblo.ar\/index.php?rest_route=%2Fwp%2Fv2%2Fcomments&post=50583"}],"version-history":[{"count":0,"href":"https:\/\/fmdelpueblo.ar\/index.php?rest_route=\/wp\/v2\/posts\/50583\/revisions"}],"wp:attachment":[{"href":"https:\/\/fmdelpueblo.ar\/index.php?rest_route=%2Fwp%2Fv2%2Fmedia&parent=50583"}],"wp:term":[{"taxonomy":"category","embeddable":true,"href":"https:\/\/fmdelpueblo.ar\/index.php?rest_route=%2Fwp%2Fv2%2Fcategories&post=50583"},{"taxonomy":"post_tag","embeddable":true,"href":"https:\/\/fmdelpueblo.ar\/index.php?rest_route=%2Fwp%2Fv2%2Ftags&post=50583"}],"curies":[{"name":"wp","href":"https:\/\/api.w.org\/{rel}","templated":true}]}}