{"id":50582,"date":"2026-08-31T01:09:04","date_gmt":"2026-08-31T04:09:04","guid":{"rendered":"http:\/\/fmdelpueblo.ar\/?p=50582"},"modified":"2026-08-31T01:09:04","modified_gmt":"2026-08-31T04:09:04","slug":"barracas-central-campeon-de-la-copa-de-oro-de-futsal-el-dramatico-gol-agonico-y-la-victoria-por-penales-contra-america-del-sud","status":"publish","type":"post","link":"https:\/\/fmdelpueblo.ar\/?p=50582","title":{"rendered":"Barracas Central, campe\u00f3n de la Copa de Oro de futsal: el dram\u00e1tico gol ag\u00f3nico y la victoria por penales contra Am\u00e9rica del Sud"},"content":{"rendered":"<p>El Guapo se qued\u00f3 por tercera vez este torneo, para convertirse en el m\u00e1ximo ganador.Mir\u00e1 el resumen.<\/p>","protected":false},"excerpt":{"rendered":"<p>El Guapo se qued\u00f3 por tercera vez este torneo, para convertirse en el m\u00e1ximo ganador.Mir\u00e1 el resumen.<\/p>\n","protected":false},"author":0,"featured_media":0,"comment_status":"","ping_status":"","sticky":false,"template":"","format":"standard","meta":{"footnotes":""},"categories":[1],"tags":[],"class_list":["post-50582","post","type-post","status-publish","format-standard","has-post-thumbnail","hentry","category-sin-categoria"],"_links":{"self":[{"href":"https:\/\/fmdelpueblo.ar\/index.php?rest_route=\/wp\/v2\/posts\/50582","targetHints":{"allow":["GET"]}}],"collection":[{"href":"https:\/\/fmdelpueblo.ar\/index.php?rest_route=\/wp\/v2\/posts"}],"about":[{"href":"https:\/\/fmdelpueblo.ar\/index.php?rest_route=\/wp\/v2\/types\/post"}],"replies":[{"embeddable":true,"href":"https:\/\/fmdelpueblo.ar\/index.php?rest_route=%2Fwp%2Fv2%2Fcomments&post=50582"}],"version-history":[{"count":0,"href":"https:\/\/fmdelpueblo.ar\/index.php?rest_route=\/wp\/v2\/posts\/50582\/revisions"}],"wp:attachment":[{"href":"https:\/\/fmdelpueblo.ar\/index.php?rest_route=%2Fwp%2Fv2%2Fmedia&parent=50582"}],"wp:term":[{"taxonomy":"category","embeddable":true,"href":"https:\/\/fmdelpueblo.ar\/index.php?rest_route=%2Fwp%2Fv2%2Fcategories&post=50582"},{"taxonomy":"post_tag","embeddable":true,"href":"https:\/\/fmdelpueblo.ar\/index.php?rest_route=%2Fwp%2Fv2%2Ftags&post=50582"}],"curies":[{"name":"wp","href":"https:\/\/api.w.org\/{rel}","templated":true}]}}