{"id":50570,"date":"2026-08-30T22:08:55","date_gmt":"2026-08-31T01:08:55","guid":{"rendered":"https:\/\/fmdelpueblo.ar\/?p=50570"},"modified":"2026-08-30T22:08:55","modified_gmt":"2026-08-31T01:08:55","slug":"las-cinco-medidas-que-tomo-el-gobierno-para-que-repunte-la-actividad-sin-subir-el-gasto-y-de-cara-a-2027","status":"publish","type":"post","link":"https:\/\/fmdelpueblo.ar\/?p=50570","title":{"rendered":"Las cinco medidas que tom\u00f3 el Gobierno para que repunte la actividad sin subir el gasto y de cara a 2027"},"content":{"rendered":"<p>La estrategia combina expansi\u00f3n del cr\u00e9dito y mejoras en los salarios m\u00e1s bajos.Busca movilizar recursos del sistema financiero hacia la inversi\u00f3n y el consumo.<\/p>","protected":false},"excerpt":{"rendered":"<p>La estrategia combina expansi\u00f3n del cr\u00e9dito y mejoras en los salarios m\u00e1s bajos.Busca movilizar recursos del sistema financiero hacia la inversi\u00f3n y el consumo.<\/p>\n","protected":false},"author":0,"featured_media":0,"comment_status":"","ping_status":"","sticky":false,"template":"","format":"standard","meta":{"footnotes":""},"categories":[1],"tags":[],"class_list":["post-50570","post","type-post","status-publish","format-standard","has-post-thumbnail","hentry","category-sin-categoria"],"_links":{"self":[{"href":"https:\/\/fmdelpueblo.ar\/index.php?rest_route=\/wp\/v2\/posts\/50570","targetHints":{"allow":["GET"]}}],"collection":[{"href":"https:\/\/fmdelpueblo.ar\/index.php?rest_route=\/wp\/v2\/posts"}],"about":[{"href":"https:\/\/fmdelpueblo.ar\/index.php?rest_route=\/wp\/v2\/types\/post"}],"replies":[{"embeddable":true,"href":"https:\/\/fmdelpueblo.ar\/index.php?rest_route=%2Fwp%2Fv2%2Fcomments&post=50570"}],"version-history":[{"count":0,"href":"https:\/\/fmdelpueblo.ar\/index.php?rest_route=\/wp\/v2\/posts\/50570\/revisions"}],"wp:attachment":[{"href":"https:\/\/fmdelpueblo.ar\/index.php?rest_route=%2Fwp%2Fv2%2Fmedia&parent=50570"}],"wp:term":[{"taxonomy":"category","embeddable":true,"href":"https:\/\/fmdelpueblo.ar\/index.php?rest_route=%2Fwp%2Fv2%2Fcategories&post=50570"},{"taxonomy":"post_tag","embeddable":true,"href":"https:\/\/fmdelpueblo.ar\/index.php?rest_route=%2Fwp%2Fv2%2Ftags&post=50570"}],"curies":[{"name":"wp","href":"https:\/\/api.w.org\/{rel}","templated":true}]}}