{"id":50568,"date":"2026-08-30T21:09:09","date_gmt":"2026-08-31T00:09:09","guid":{"rendered":"https:\/\/fmdelpueblo.ar\/?p=50568"},"modified":"2026-08-30T21:09:09","modified_gmt":"2026-08-31T00:09:09","slug":"relevaron-a-un-jefe-militar-en-esquel-y-afirman-que-es-porque-recibio-a-victoria-villarruel","status":"publish","type":"post","link":"https:\/\/fmdelpueblo.ar\/?p=50568","title":{"rendered":"Relevaron a un jefe militar en Esquel y afirman que es porque recibi\u00f3 a Victoria Villarruel"},"content":{"rendered":"<p>Ser\u00e1 reemplazado por un uniformado que hoy reviste en Casa Militar, donde manda Karina Milei.La Vicepresidenta visit\u00f3 la zona a comienzos de a\u00f1o cuando se desataron los incendios en Chubut.<\/p>\n<p><\/p>","protected":false},"excerpt":{"rendered":"<p>Ser\u00e1 reemplazado por un uniformado que hoy reviste en Casa Militar, donde manda Karina Milei.La Vicepresidenta visit\u00f3 la zona a comienzos de a\u00f1o cuando se desataron los incendios en Chubut.<\/p>\n","protected":false},"author":0,"featured_media":0,"comment_status":"","ping_status":"","sticky":false,"template":"","format":"standard","meta":{"footnotes":""},"categories":[1],"tags":[],"class_list":["post-50568","post","type-post","status-publish","format-standard","has-post-thumbnail","hentry","category-sin-categoria"],"_links":{"self":[{"href":"https:\/\/fmdelpueblo.ar\/index.php?rest_route=\/wp\/v2\/posts\/50568","targetHints":{"allow":["GET"]}}],"collection":[{"href":"https:\/\/fmdelpueblo.ar\/index.php?rest_route=\/wp\/v2\/posts"}],"about":[{"href":"https:\/\/fmdelpueblo.ar\/index.php?rest_route=\/wp\/v2\/types\/post"}],"replies":[{"embeddable":true,"href":"https:\/\/fmdelpueblo.ar\/index.php?rest_route=%2Fwp%2Fv2%2Fcomments&post=50568"}],"version-history":[{"count":0,"href":"https:\/\/fmdelpueblo.ar\/index.php?rest_route=\/wp\/v2\/posts\/50568\/revisions"}],"wp:attachment":[{"href":"https:\/\/fmdelpueblo.ar\/index.php?rest_route=%2Fwp%2Fv2%2Fmedia&parent=50568"}],"wp:term":[{"taxonomy":"category","embeddable":true,"href":"https:\/\/fmdelpueblo.ar\/index.php?rest_route=%2Fwp%2Fv2%2Fcategories&post=50568"},{"taxonomy":"post_tag","embeddable":true,"href":"https:\/\/fmdelpueblo.ar\/index.php?rest_route=%2Fwp%2Fv2%2Ftags&post=50568"}],"curies":[{"name":"wp","href":"https:\/\/api.w.org\/{rel}","templated":true}]}}