{"id":50565,"date":"2026-08-30T21:09:07","date_gmt":"2026-08-31T00:09:07","guid":{"rendered":"https:\/\/fmdelpueblo.ar\/?p=50565"},"modified":"2026-08-30T21:09:07","modified_gmt":"2026-08-31T00:09:07","slug":"lali-esposito-compartio-el-album-intimo-de-fotos-de-su-despedida-de-soltera-con-amigas-en-brasil","status":"publish","type":"post","link":"https:\/\/fmdelpueblo.ar\/?p=50565","title":{"rendered":"Lali Esp\u00f3sito comparti\u00f3 el \u00e1lbum \u00edntimo de fotos de su despedida de soltera con amigas en Brasil"},"content":{"rendered":"<p>La cantante disfrut\u00f3 de unos d\u00edas de festejo en R\u00edo de Janeiro, previo a su boda con Pedro Rosemblat.\u00bbCelebro a mis amigas, celebro el amor\u00bb, expres\u00f3.<\/p>","protected":false},"excerpt":{"rendered":"<p>La cantante disfrut\u00f3 de unos d\u00edas de festejo en R\u00edo de Janeiro, previo a su boda con Pedro Rosemblat.\u00bbCelebro a mis amigas, celebro el amor\u00bb, expres\u00f3.<\/p>\n","protected":false},"author":0,"featured_media":0,"comment_status":"","ping_status":"","sticky":false,"template":"","format":"standard","meta":{"footnotes":""},"categories":[1],"tags":[],"class_list":["post-50565","post","type-post","status-publish","format-standard","has-post-thumbnail","hentry","category-sin-categoria"],"_links":{"self":[{"href":"https:\/\/fmdelpueblo.ar\/index.php?rest_route=\/wp\/v2\/posts\/50565","targetHints":{"allow":["GET"]}}],"collection":[{"href":"https:\/\/fmdelpueblo.ar\/index.php?rest_route=\/wp\/v2\/posts"}],"about":[{"href":"https:\/\/fmdelpueblo.ar\/index.php?rest_route=\/wp\/v2\/types\/post"}],"replies":[{"embeddable":true,"href":"https:\/\/fmdelpueblo.ar\/index.php?rest_route=%2Fwp%2Fv2%2Fcomments&post=50565"}],"version-history":[{"count":0,"href":"https:\/\/fmdelpueblo.ar\/index.php?rest_route=\/wp\/v2\/posts\/50565\/revisions"}],"wp:attachment":[{"href":"https:\/\/fmdelpueblo.ar\/index.php?rest_route=%2Fwp%2Fv2%2Fmedia&parent=50565"}],"wp:term":[{"taxonomy":"category","embeddable":true,"href":"https:\/\/fmdelpueblo.ar\/index.php?rest_route=%2Fwp%2Fv2%2Fcategories&post=50565"},{"taxonomy":"post_tag","embeddable":true,"href":"https:\/\/fmdelpueblo.ar\/index.php?rest_route=%2Fwp%2Fv2%2Ftags&post=50565"}],"curies":[{"name":"wp","href":"https:\/\/api.w.org\/{rel}","templated":true}]}}