{"id":50564,"date":"2026-08-30T21:09:06","date_gmt":"2026-08-31T00:09:06","guid":{"rendered":"https:\/\/fmdelpueblo.ar\/?p=50564"},"modified":"2026-08-30T21:09:06","modified_gmt":"2026-08-31T00:09:06","slug":"inundaciones-repentinas-en-el-gran-canon-dejan-unos-15-desaparecidos-y-62-evacuados","status":"publish","type":"post","link":"https:\/\/fmdelpueblo.ar\/?p=50564","title":{"rendered":"Inundaciones repentinas en el Gran Ca\u00f1\u00f3n dejan unos 15 desaparecidos y 62 evacuados"},"content":{"rendered":"<p>Quince personas est\u00e1n desaparecidas tras inundaciones en el Gran Ca\u00f1\u00f3n, donde 62 turistas han sido evacuados por el personal del parque.Las lluvias intensas da\u00f1aron puentes y senderos, cerrando el acceso a varias \u00e1reas. Se prev\u00e9n m\u00e1s tormentas, complicando la situaci\u00f3n.<\/p>","protected":false},"excerpt":{"rendered":"<p>Quince personas est\u00e1n desaparecidas tras inundaciones en el Gran Ca\u00f1\u00f3n, donde 62 turistas han sido evacuados por el personal del parque.Las lluvias intensas da\u00f1aron puentes y senderos, cerrando el acceso a varias \u00e1reas. Se prev\u00e9n m\u00e1s tormentas, complicando la situaci\u00f3n.<\/p>\n","protected":false},"author":0,"featured_media":0,"comment_status":"","ping_status":"","sticky":false,"template":"","format":"standard","meta":{"footnotes":""},"categories":[1],"tags":[],"class_list":["post-50564","post","type-post","status-publish","format-standard","has-post-thumbnail","hentry","category-sin-categoria"],"_links":{"self":[{"href":"https:\/\/fmdelpueblo.ar\/index.php?rest_route=\/wp\/v2\/posts\/50564","targetHints":{"allow":["GET"]}}],"collection":[{"href":"https:\/\/fmdelpueblo.ar\/index.php?rest_route=\/wp\/v2\/posts"}],"about":[{"href":"https:\/\/fmdelpueblo.ar\/index.php?rest_route=\/wp\/v2\/types\/post"}],"replies":[{"embeddable":true,"href":"https:\/\/fmdelpueblo.ar\/index.php?rest_route=%2Fwp%2Fv2%2Fcomments&post=50564"}],"version-history":[{"count":0,"href":"https:\/\/fmdelpueblo.ar\/index.php?rest_route=\/wp\/v2\/posts\/50564\/revisions"}],"wp:attachment":[{"href":"https:\/\/fmdelpueblo.ar\/index.php?rest_route=%2Fwp%2Fv2%2Fmedia&parent=50564"}],"wp:term":[{"taxonomy":"category","embeddable":true,"href":"https:\/\/fmdelpueblo.ar\/index.php?rest_route=%2Fwp%2Fv2%2Fcategories&post=50564"},{"taxonomy":"post_tag","embeddable":true,"href":"https:\/\/fmdelpueblo.ar\/index.php?rest_route=%2Fwp%2Fv2%2Ftags&post=50564"}],"curies":[{"name":"wp","href":"https:\/\/api.w.org\/{rel}","templated":true}]}}