{"id":50559,"date":"2026-08-30T20:09:06","date_gmt":"2026-08-30T23:09:06","guid":{"rendered":"https:\/\/fmdelpueblo.ar\/?p=50559"},"modified":"2026-08-30T20:09:06","modified_gmt":"2026-08-30T23:09:06","slug":"milei-arranca-una-semana-de-viajes-y-reuniones-encuentro-en-chile-con-kast-foto-con-una-funcionaria-de-ee-uu-y-charla-con-empresarios-de-iaef","status":"publish","type":"post","link":"https:\/\/fmdelpueblo.ar\/?p=50559","title":{"rendered":"Milei arranca una semana de viajes y reuniones: encuentro en Chile con Kast, foto con una funcionaria de EE.UU. y charla con empresarios de IAEF"},"content":{"rendered":"<p>El Presidente viajar\u00e1 al pa\u00eds vecino y a la provincia de Misiones.Por otro lado, Luis Caputo ir\u00e1 a Estados Unidos a participar de la reuni\u00f3n de ministros de Econom\u00eda del G20.<\/p>","protected":false},"excerpt":{"rendered":"<p>El Presidente viajar\u00e1 al pa\u00eds vecino y a la provincia de Misiones.Por otro lado, Luis Caputo ir\u00e1 a Estados Unidos a participar de la reuni\u00f3n de ministros de Econom\u00eda del G20.<\/p>\n","protected":false},"author":0,"featured_media":0,"comment_status":"","ping_status":"","sticky":false,"template":"","format":"standard","meta":{"footnotes":""},"categories":[1],"tags":[],"class_list":["post-50559","post","type-post","status-publish","format-standard","has-post-thumbnail","hentry","category-sin-categoria"],"_links":{"self":[{"href":"https:\/\/fmdelpueblo.ar\/index.php?rest_route=\/wp\/v2\/posts\/50559","targetHints":{"allow":["GET"]}}],"collection":[{"href":"https:\/\/fmdelpueblo.ar\/index.php?rest_route=\/wp\/v2\/posts"}],"about":[{"href":"https:\/\/fmdelpueblo.ar\/index.php?rest_route=\/wp\/v2\/types\/post"}],"replies":[{"embeddable":true,"href":"https:\/\/fmdelpueblo.ar\/index.php?rest_route=%2Fwp%2Fv2%2Fcomments&post=50559"}],"version-history":[{"count":0,"href":"https:\/\/fmdelpueblo.ar\/index.php?rest_route=\/wp\/v2\/posts\/50559\/revisions"}],"wp:attachment":[{"href":"https:\/\/fmdelpueblo.ar\/index.php?rest_route=%2Fwp%2Fv2%2Fmedia&parent=50559"}],"wp:term":[{"taxonomy":"category","embeddable":true,"href":"https:\/\/fmdelpueblo.ar\/index.php?rest_route=%2Fwp%2Fv2%2Fcategories&post=50559"},{"taxonomy":"post_tag","embeddable":true,"href":"https:\/\/fmdelpueblo.ar\/index.php?rest_route=%2Fwp%2Fv2%2Ftags&post=50559"}],"curies":[{"name":"wp","href":"https:\/\/api.w.org\/{rel}","templated":true}]}}