{"id":50558,"date":"2026-08-30T20:09:05","date_gmt":"2026-08-30T23:09:05","guid":{"rendered":"https:\/\/fmdelpueblo.ar\/?p=50558"},"modified":"2026-08-30T20:09:05","modified_gmt":"2026-08-30T23:09:05","slug":"el-retiro-sonado-de-sebastian-y-diego-simonet-gritaron-campeon-con-el-club-de-sus-amores-villa-ballester-y-le-pusieron-un-broche-de-oro-a-su-carrera-en-el-handball","status":"publish","type":"post","link":"https:\/\/fmdelpueblo.ar\/?p=50558","title":{"rendered":"El retiro so\u00f1ado de Sebasti\u00e1n y Diego Simonet: gritaron campe\u00f3n con el club de sus amores, Villa Ballester, y le pusieron un broche de oro a su carrera en el handball"},"content":{"rendered":"<p>Con el d\u00fao de Simonet, el equipo de Buenos Aires derrot\u00f3 por 24 a 22 a Dorrego en la final del Nacional de Clubes Adulto \u201cA\u201d de handball que se disput\u00f3 en C\u00f3rdoba.Defendieron la corona de la m\u00e1xima competencia de clubes del pa\u00eds, en la que es ahora el m\u00e1ximo ganador hist\u00f3rico.<\/p>","protected":false},"excerpt":{"rendered":"<p>Con el d\u00fao de Simonet, el equipo de Buenos Aires derrot\u00f3 por 24 a 22 a Dorrego en la final del Nacional de Clubes Adulto \u201cA\u201d de handball que se disput\u00f3 en C\u00f3rdoba.Defendieron la corona de la m\u00e1xima competencia de clubes del pa\u00eds, en la que es ahora el m\u00e1ximo ganador hist\u00f3rico.<\/p>\n","protected":false},"author":0,"featured_media":0,"comment_status":"","ping_status":"","sticky":false,"template":"","format":"standard","meta":{"footnotes":""},"categories":[1],"tags":[],"class_list":["post-50558","post","type-post","status-publish","format-standard","has-post-thumbnail","hentry","category-sin-categoria"],"_links":{"self":[{"href":"https:\/\/fmdelpueblo.ar\/index.php?rest_route=\/wp\/v2\/posts\/50558","targetHints":{"allow":["GET"]}}],"collection":[{"href":"https:\/\/fmdelpueblo.ar\/index.php?rest_route=\/wp\/v2\/posts"}],"about":[{"href":"https:\/\/fmdelpueblo.ar\/index.php?rest_route=\/wp\/v2\/types\/post"}],"replies":[{"embeddable":true,"href":"https:\/\/fmdelpueblo.ar\/index.php?rest_route=%2Fwp%2Fv2%2Fcomments&post=50558"}],"version-history":[{"count":0,"href":"https:\/\/fmdelpueblo.ar\/index.php?rest_route=\/wp\/v2\/posts\/50558\/revisions"}],"wp:attachment":[{"href":"https:\/\/fmdelpueblo.ar\/index.php?rest_route=%2Fwp%2Fv2%2Fmedia&parent=50558"}],"wp:term":[{"taxonomy":"category","embeddable":true,"href":"https:\/\/fmdelpueblo.ar\/index.php?rest_route=%2Fwp%2Fv2%2Fcategories&post=50558"},{"taxonomy":"post_tag","embeddable":true,"href":"https:\/\/fmdelpueblo.ar\/index.php?rest_route=%2Fwp%2Fv2%2Ftags&post=50558"}],"curies":[{"name":"wp","href":"https:\/\/api.w.org\/{rel}","templated":true}]}}