{"id":50555,"date":"2026-08-30T20:09:03","date_gmt":"2026-08-30T23:09:03","guid":{"rendered":"https:\/\/fmdelpueblo.ar\/?p=50555"},"modified":"2026-08-30T20:09:03","modified_gmt":"2026-08-30T23:09:03","slug":"milei-incomprendido-la-caida-en-las-redes-y-una-incognita-aun-sin-respuesta","status":"publish","type":"post","link":"https:\/\/fmdelpueblo.ar\/?p=50555","title":{"rendered":"Milei incomprendido, la ca\u00edda en las redes y una inc\u00f3gnita a\u00fan sin respuesta"},"content":{"rendered":"<p>Por qu\u00e9 comienza a registrarse una fatiga digital del Presidente y mayor negatividad en el tratamiento de temas econ\u00f3micos en las redes.Qu\u00e9 gestos de la pol\u00edtica perciben debilidad en el Gobierno. Una alternativa presidencial que podr\u00eda cambiar el escenario electoral.<\/p>","protected":false},"excerpt":{"rendered":"<p>Por qu\u00e9 comienza a registrarse una fatiga digital del Presidente y mayor negatividad en el tratamiento de temas econ\u00f3micos en las redes.Qu\u00e9 gestos de la pol\u00edtica perciben debilidad en el Gobierno. Una alternativa presidencial que podr\u00eda cambiar el escenario electoral.<\/p>\n","protected":false},"author":0,"featured_media":0,"comment_status":"","ping_status":"","sticky":false,"template":"","format":"standard","meta":{"footnotes":""},"categories":[1],"tags":[],"class_list":["post-50555","post","type-post","status-publish","format-standard","has-post-thumbnail","hentry","category-sin-categoria"],"_links":{"self":[{"href":"https:\/\/fmdelpueblo.ar\/index.php?rest_route=\/wp\/v2\/posts\/50555","targetHints":{"allow":["GET"]}}],"collection":[{"href":"https:\/\/fmdelpueblo.ar\/index.php?rest_route=\/wp\/v2\/posts"}],"about":[{"href":"https:\/\/fmdelpueblo.ar\/index.php?rest_route=\/wp\/v2\/types\/post"}],"replies":[{"embeddable":true,"href":"https:\/\/fmdelpueblo.ar\/index.php?rest_route=%2Fwp%2Fv2%2Fcomments&post=50555"}],"version-history":[{"count":0,"href":"https:\/\/fmdelpueblo.ar\/index.php?rest_route=\/wp\/v2\/posts\/50555\/revisions"}],"wp:attachment":[{"href":"https:\/\/fmdelpueblo.ar\/index.php?rest_route=%2Fwp%2Fv2%2Fmedia&parent=50555"}],"wp:term":[{"taxonomy":"category","embeddable":true,"href":"https:\/\/fmdelpueblo.ar\/index.php?rest_route=%2Fwp%2Fv2%2Fcategories&post=50555"},{"taxonomy":"post_tag","embeddable":true,"href":"https:\/\/fmdelpueblo.ar\/index.php?rest_route=%2Fwp%2Fv2%2Ftags&post=50555"}],"curies":[{"name":"wp","href":"https:\/\/api.w.org\/{rel}","templated":true}]}}