{"id":50554,"date":"2026-08-30T20:09:03","date_gmt":"2026-08-30T23:09:03","guid":{"rendered":"https:\/\/fmdelpueblo.ar\/?p=50554"},"modified":"2026-08-30T20:09:03","modified_gmt":"2026-08-30T23:09:03","slug":"quien-es-callejero-fino-el-cantante-de-rkt-que-fue-detenido-por-llevar-un-arma-y-andaba-en-una-camioneta-sin-patente","status":"publish","type":"post","link":"https:\/\/fmdelpueblo.ar\/?p=50554","title":{"rendered":"Qui\u00e9n es Callejero Fino, el cantante de RKT que fue detenido por llevar un arma y andaba en una camioneta sin patente"},"content":{"rendered":"<p>Sim\u00f3n Natanael Alvarenga renov\u00f3 la cumbia villera, al fusionarla con el trap y el reggaet\u00f3n.Tiene destacadas colaboraciones con L-Gante, Emilia Mernes y La Joaqui, entre tantos otros.<\/p>","protected":false},"excerpt":{"rendered":"<p>Sim\u00f3n Natanael Alvarenga renov\u00f3 la cumbia villera, al fusionarla con el trap y el reggaet\u00f3n.Tiene destacadas colaboraciones con L-Gante, Emilia Mernes y La Joaqui, entre tantos otros.<\/p>\n","protected":false},"author":0,"featured_media":0,"comment_status":"","ping_status":"","sticky":false,"template":"","format":"standard","meta":{"footnotes":""},"categories":[1],"tags":[],"class_list":["post-50554","post","type-post","status-publish","format-standard","has-post-thumbnail","hentry","category-sin-categoria"],"_links":{"self":[{"href":"https:\/\/fmdelpueblo.ar\/index.php?rest_route=\/wp\/v2\/posts\/50554","targetHints":{"allow":["GET"]}}],"collection":[{"href":"https:\/\/fmdelpueblo.ar\/index.php?rest_route=\/wp\/v2\/posts"}],"about":[{"href":"https:\/\/fmdelpueblo.ar\/index.php?rest_route=\/wp\/v2\/types\/post"}],"replies":[{"embeddable":true,"href":"https:\/\/fmdelpueblo.ar\/index.php?rest_route=%2Fwp%2Fv2%2Fcomments&post=50554"}],"version-history":[{"count":0,"href":"https:\/\/fmdelpueblo.ar\/index.php?rest_route=\/wp\/v2\/posts\/50554\/revisions"}],"wp:attachment":[{"href":"https:\/\/fmdelpueblo.ar\/index.php?rest_route=%2Fwp%2Fv2%2Fmedia&parent=50554"}],"wp:term":[{"taxonomy":"category","embeddable":true,"href":"https:\/\/fmdelpueblo.ar\/index.php?rest_route=%2Fwp%2Fv2%2Fcategories&post=50554"},{"taxonomy":"post_tag","embeddable":true,"href":"https:\/\/fmdelpueblo.ar\/index.php?rest_route=%2Fwp%2Fv2%2Ftags&post=50554"}],"curies":[{"name":"wp","href":"https:\/\/api.w.org\/{rel}","templated":true}]}}