{"id":50553,"date":"2026-08-30T19:09:03","date_gmt":"2026-08-30T22:09:03","guid":{"rendered":"http:\/\/fmdelpueblo.ar\/?p=50553"},"modified":"2026-08-30T19:09:03","modified_gmt":"2026-08-30T22:09:03","slug":"flavio-bolsonaro-busca-replicar-el-modelo-de-el-salvador-y-prometio-500-mil-nuevas-plazas-en-las-carceles-hay-pocos-presos-en-brasil","status":"publish","type":"post","link":"https:\/\/fmdelpueblo.ar\/?p=50553","title":{"rendered":"Flavio Bolsonaro busca replicar el modelo de El Salvador y prometi\u00f3 500 mil nuevas plazas en las c\u00e1rceles: \u00abHay pocos presos en Brasil\u00bb"},"content":{"rendered":"<p>El candidato a presidente de Brasil anunci\u00f3 que pretende construir c\u00e1rceles de m\u00e1xima seguridad en caso de llegar al poder.Sus palabras se dieron despu\u00e9s de reunirse con el ministro de Seguridad de El Salvador, Gustavo Villatoro, en San Pablo.<\/p>","protected":false},"excerpt":{"rendered":"<p>El candidato a presidente de Brasil anunci\u00f3 que pretende construir c\u00e1rceles de m\u00e1xima seguridad en caso de llegar al poder.Sus palabras se dieron despu\u00e9s de reunirse con el ministro de Seguridad de El Salvador, Gustavo Villatoro, en San Pablo.<\/p>\n","protected":false},"author":0,"featured_media":0,"comment_status":"","ping_status":"","sticky":false,"template":"","format":"standard","meta":{"footnotes":""},"categories":[1],"tags":[],"class_list":["post-50553","post","type-post","status-publish","format-standard","has-post-thumbnail","hentry","category-sin-categoria"],"_links":{"self":[{"href":"https:\/\/fmdelpueblo.ar\/index.php?rest_route=\/wp\/v2\/posts\/50553","targetHints":{"allow":["GET"]}}],"collection":[{"href":"https:\/\/fmdelpueblo.ar\/index.php?rest_route=\/wp\/v2\/posts"}],"about":[{"href":"https:\/\/fmdelpueblo.ar\/index.php?rest_route=\/wp\/v2\/types\/post"}],"replies":[{"embeddable":true,"href":"https:\/\/fmdelpueblo.ar\/index.php?rest_route=%2Fwp%2Fv2%2Fcomments&post=50553"}],"version-history":[{"count":0,"href":"https:\/\/fmdelpueblo.ar\/index.php?rest_route=\/wp\/v2\/posts\/50553\/revisions"}],"wp:attachment":[{"href":"https:\/\/fmdelpueblo.ar\/index.php?rest_route=%2Fwp%2Fv2%2Fmedia&parent=50553"}],"wp:term":[{"taxonomy":"category","embeddable":true,"href":"https:\/\/fmdelpueblo.ar\/index.php?rest_route=%2Fwp%2Fv2%2Fcategories&post=50553"},{"taxonomy":"post_tag","embeddable":true,"href":"https:\/\/fmdelpueblo.ar\/index.php?rest_route=%2Fwp%2Fv2%2Ftags&post=50553"}],"curies":[{"name":"wp","href":"https:\/\/api.w.org\/{rel}","templated":true}]}}